{"id":15930,"date":"2026-08-10T07:49:51","date_gmt":"2026-08-10T07:49:51","guid":{"rendered":"https:\/\/farosurfrentals.com\/blog\/acampar-no-algarve-com-uma-tenda-o-equipamento-que-realmente-importa\/"},"modified":"2026-08-10T07:49:51","modified_gmt":"2026-08-10T07:49:51","slug":"acampar-no-algarve-com-uma-tenda-o-equipamento-que-realmente-importa","status":"publish","type":"post","link":"https:\/\/farosurfrentals.com\/pt-pt\/blog\/acampar-no-algarve-com-uma-tenda-o-equipamento-que-realmente-importa\/","title":{"rendered":"Acampar no Algarve com uma tenda: o equipamento que realmente importa"},"content":{"rendered":"<p>A maioria das pessoas faz as malas para o Algarve como se fosse uma vers\u00e3o mais quente de casa. Depois, o vento come\u00e7a a soprar \u00e0s duas da tarde, a tenda transforma-se numa vela e as estacas que funcionavam bem num campo h\u00famido ingl\u00eas saem facilmente da areia seca. <\/p>\n<p>Acampar aqui \u00e9 f\u00e1cil, assim que perceberes o que este s\u00edtio faz ao equipamento. \u00c9 uma combina\u00e7\u00e3o espec\u00edfica: vento forte \u00e0 tarde durante v\u00e1rios meses do ano, solo que ou est\u00e1 duro como pedra ou \u00e9 s\u00f3 areia, sol intenso a bater no tecido e noites mais frias do que o dia deixa supor. Eis o que realmente importa.  <\/p>\n<h2>Primeiro, onde \u00e9 permitido montar a tua tenda<\/h2>\n<p>A tenda tem de ser montada num parque de campismo licenciado. Em Portugal, trata-se de forma bem diferente uma autocaravana e uma tenda. Uma autocaravana registada pode estacionar durante a noite em alguns locais, sob condi\u00e7\u00f5es espec\u00edficas, mas montar uma tenda fora de um parque de campismo conta como acampar, seja onde for que o fa\u00e7as, e isso n\u00e3o \u00e9 permitido. A fiscaliza\u00e7\u00e3o no Algarve tornou-se mais rigorosa, especialmente ao longo da costa oeste, que se situa dentro do Parque Natural do Sudoeste Alentejano e da Costa Vicentina, e a Ria Formosa tamb\u00e9m \u00e9 uma zona protegida.   <\/p>\n<p>A nossa empresa irm\u00e3, a Ocean Camper, mant\u00e9m atualizada a vers\u00e3o detalhada das regras: <a href=\"https:\/\/oceancamper.com\/wild-camping-portugal\/\" rel=\"noopener\">acampar na natureza em Portugal, as regras e as multas<\/a>. Quanto aos locais onde podes realmente ficar, eles tamb\u00e9m t\u00eam um <a href=\"https:\/\/oceancamper.com\/best-campsites-algarve-portugal\/\" rel=\"noopener\">guia com os melhores parques de campismo do Algarve<\/a> para tendas e autocaravanas. Isso poupa-nos trabalho e \u00e9 melhor do que qualquer coisa que n\u00f3s escrever\u00edamos.  <\/p>\n<p>A boa not\u00edcia \u00e9 que os parques de campismo do Algarve s\u00e3o baratos para os padr\u00f5es europeus e v\u00e1rios dos melhores ficam mesmo onde queres estar: perto de Sagres, para o surf da costa oeste, e na Fuseta, para a lagoa.<\/p>\n<h2>O vento \u00e9 o que estraga as viagens<\/h2>\n<p>Mais ou menos de maio a setembro, um vento de norte a noroeste chamado \u00abnortada\u00bb ganha for\u00e7a na maioria das tardes. N\u00e3o \u00e9 uma tempestade, mas \u00e9 persistente e sopra todos os dias, e vai encontrar qualquer ponto fraco no telhado. <\/p>\n<p>O que isto significa na pr\u00e1tica: usa todas as cordas de fixa\u00e7\u00e3o que v\u00eam com a tenda, n\u00e3o s\u00f3 as duas que parecem ser necess\u00e1rias. Monta a tenda com a extremidade mais estreita virada para norte ou noroeste. Uma tenda tipo t\u00fanel montada de lado em rela\u00e7\u00e3o a esse vento vai ficar a balan\u00e7ar a noite toda e ningu\u00e9m vai conseguir dormir.  <\/p>\n<p>As estacas s\u00e3o mais importantes do que a tenda. Leva dois tipos. Estacas finas de a\u00e7o ou tit\u00e2nio para solo duro e pedregoso, porque as de pl\u00e1stico partem-se nesse tipo de terreno. E estacas largas de pl\u00e1stico ou liga met\u00e1lica para areia, com pelo menos 25 cm, para qualquer local perto da costa. Na areia solta, o truque que d\u00e1 certo \u00e9 enterrar uma estaca na horizontal, ou enterrar um saco cheio de areia e amarrar a corda de fixa\u00e7\u00e3o a ele.    <\/p>\n<h2>O sol causa mais danos do que a chuva<\/h2>\n<p>A chuva quase n\u00e3o \u00e9 um problema de maio a setembro. J\u00e1 a radia\u00e7\u00e3o ultravioleta \u00e9 que \u00e9. As lonas baratas de poli\u00e9ster ficam quebradi\u00e7as num \u00fanico ver\u00e3o no Algarve, e uma tenda escura fica inutiliz\u00e1vel \u00e0s nove da manh\u00e3, porque a temperatura l\u00e1 dentro sobe mais depressa do que o tempo que demoras a sair dela.  <\/p>\n<p>Uma rede de cor clara, um forro de malha larga e portas que se possam enrolar totalmente para tr\u00e1s valem mais aqui do que os valores de impermeabilidade. A sombra separada tamb\u00e9m \u00e9 importante. Uma lona ou um toldo simples estendido entre a tenda e o carro d\u00e1-te um s\u00edtio para te sentares ao meio-dia, o que a pr\u00f3pria tenda n\u00e3o oferece.  <\/p>\n<p>Se puderes, monta a tenda de forma a que fique \u00e0 sombra de manh\u00e3. Acordar \u00e0s sete a cozer ao sol \u00e9 a queixa mais comum que ouvimos. <\/p>\n<h2>As noites s\u00e3o mais frias do que as pessoas pensam<\/h2>\n<p>Em julho e agosto, vais dormir em cima do saco-cama. Em abril, maio, outubro e novembro, a temperatura desce bastante assim que o sol se p\u00f5e, especialmente perto da \u00e1gua, e um saco-cama fino de ver\u00e3o n\u00e3o chega. Um saco-cama de tr\u00eas esta\u00e7\u00f5es ou um saco-cama com um forro interno d\u00e1-te conforto nos meses de transi\u00e7\u00e3o.  <\/p>\n<p>O isolamento por baixo \u00e9 t\u00e3o importante quanto o saco-cama. O solo seco retira o calor rapidamente durante a noite. Um tapete de espuma por baixo de um saco-cama insufl\u00e1vel fino \u00e9 uma solu\u00e7\u00e3o barata se j\u00e1 tiveres o tapete errado.  <\/p>\n<h2>Mosquitos e condensa\u00e7\u00e3o perto da lagoa<\/h2>\n<p>Os parques de campismo \u00e0 volta da Ria Formosa ficam junto a salinas, que s\u00e3o lindas e cheias de aves, mas tamb\u00e9m cheias de mosquitos ao anoitecer, no final do ver\u00e3o. Uma tenda com um interior de rede bem vedado n\u00e3o \u00e9 opcional por l\u00e1. Um repelente, usado na hora do p\u00f4r-do-sol, trata do resto.  <\/p>\n<p>\u00c9 precisamente essa zona mais baixa que faz com que haja muito orvalho. Coloca a tenda ligeiramente afastada do ponto mais baixo, deixa as aberturas de ventila\u00e7\u00e3o abertas e sacode a cobertura pela manh\u00e3, antes de arrumar tudo. <\/p>\n<h2>Regras de seguran\u00e7a contra inc\u00eandios que as pessoas interpretam mal<\/h2>\n<p>Portugal tem um Per\u00edodo Cr\u00edtico de Inc\u00eandios durante o ver\u00e3o, normalmente do in\u00edcio de julho at\u00e9 ao final de setembro, e esse per\u00edodo pode ser prolongado para antes ou depois num ano seco. Durante esse per\u00edodo, \u00e9 proibido usar fog\u00f5es, churrasqueiras e grelhadores nas zonas rurais, exceto em locais especificamente autorizados para o efeito. <\/p>\n<p>Os parques de campismo costumam ter \u00e1reas espec\u00edficas para cozinhar, e n\u00e3o h\u00e1 problema nenhum em usar um fog\u00e3o a g\u00e1s nessas \u00e1reas. Acender qualquer coisa fora dessas \u00e1reas durante o per\u00edodo cr\u00edtico \u00e9 proibido, e as multas s\u00e3o pesadas. Se n\u00e3o tiveres a certeza num determinado dia, pergunta na rece\u00e7\u00e3o em vez de ficares a adivinhar. Ningu\u00e9m no Algarve leva o risco de inc\u00eandio na brincadeira, e com raz\u00e3o.   <\/p>\n<h2>O que vale a pena alugar em vez de apanhar um avi\u00e3o com<\/h2>\n<p>O equipamento de campismo \u00e9 volumoso, leve e dif\u00edcil de manusear, o que \u00e9 a pior combina\u00e7\u00e3o poss\u00edvel para os pre\u00e7os das companhias a\u00e9reas. Pagas pelo volume, n\u00e3o pelo valor. Uma tenda, dois sacos-cama e colch\u00f5es de campismo costumam custar mais na bagagem de por\u00e3o numa viagem de ida e volta do que alugar o mesmo equipamento aqui por uma semana.  <\/p>\n<p>Alugamos tendas, sacos-cama, colch\u00f5es, cadeiras de campismo e material de cozinha, a 1,5 km do Aeroporto de Faro, para que possas levantar o material \u00e0 chegada e devolv\u00ea-lo \u00e0 partida. Tudo foi escolhido a pensar nestas condi\u00e7\u00f5es, em vez de ser comprado apenas pelo pre\u00e7o, o que significa, sobretudo, estacas adequadas e coberturas de cor clara. <\/p>\n<p>Se tamb\u00e9m est\u00e1s a pensar entrar na \u00e1gua, esta viagem serve tanto para uma <a href=\"https:\/\/farosurfrentals.com\/pt-pt\/blog\/aluguer-de-pranchas-de-surf-em-faro-agora-mais-facil-recolha-rapida-perto-do-aeroporto\/\">prancha de surf<\/a> como para uma <a href=\"https:\/\/farosurfrentals.com\/pt-pt\/blog\/aluguer-de-sup-em-faro-facil-divertido-e-perto-do-aeroporto\/\">prancha de stand-up paddle<\/a>, e o <a href=\"https:\/\/farosurfrentals.com\/pt-pt\/blog\/que-fato-de-mergulho-precisas-no-algarve-mes-a-mes\/\">guia de fatos de mergulho<\/a> explica o que precisas em cada m\u00eas.<\/p>\n<h2>Reserva o teu equipamento<\/h2>\n<p>Tudo isto fica a 1,5 km do Aeroporto de Faro, no caminho de entrada a partir da zona de chegadas. Escolhe as tuas datas e verifica a disponibilidade abaixo. <\/p>\n\n<div class=\"wrap plugin-container\">\n\n\t\n\t\n\t<div class=\"vri-page-content\">\r\n<h3 class=\"vri-page-head-title\">Faro Surf Rentals<\/h3>\t<div class=\"vrilistcontainer\">\r\n\t\t<div class=\"vri-list-item-block\">\r\n\t\t\t<div class=\"vri-list-item-inner\">\r\n\t\t\t\t\t\t\t<div class=\"vri-list-item-img\">\r\n\t\t\t\t\t<img decoding=\"async\" src=\"https:\/\/farosurfrentals.com\/wp-content\/plugins\/vikrentitems\/admin\/resources\/vthumb_surf_racks_chat_gdp_1.png\" alt=\"\" class=\"vrilistimg\"\/>\r\n\t\t\t\t<\/div>\r\n\t\t\t\t\t\t\t\t<div class=\"vri-list-item-descr\">\r\n\t\t\t\t\t<span class=\"vrilistitemname\">Car Roof Rack Surf<\/span>\r\n\t\t\t\t\t<span class=\"vrilistitemcat\">Water sports, Travel Extras<\/span>\r\n\t\t\t\t\t<div class=\"vrilistitemdescr\">\r\n\t\t\t\t\t\t<p>Up to 3 surfboards<\/p>\n\t\t\t\t\t<\/div>\r\n\t\t\t\t\t\t\t\t<\/div>\r\n\t\t\t<\/div>\r\n\t\t\t<div class=\"vri-list-item-cont\">\r\n\t\t\t\t<div class=\"vrilistcostdivcont\">\r\n\t\t\t\t\t\t\t\t\t\t<div class=\"vrilistdivcost\">\r\n\t\t\t\t\t\t<span class=\"vriliststartfrom\">A partir de<\/span>\r\n\t\t\t\t\t\t<span class=\"item_cost\">\u20ac 5.00<\/span>\r\n\t\t\t\t\t\t<span class=\"vriliststartfromtext\">por Hora<\/span>\r\n\t\t\t\t\t<\/div>\r\n\t\t\t\t\t\t\t\t\t\t<span class=\"vrilistgoonlist\"><a href=\"https:\/\/farosurfrentals.com\/pt-pt\/bodyboard\/?elemid=24\">Ver Detalhes<\/a><\/span>\r\n\t\t\t\t<\/div>\r\n\t\t\t<\/div>\r\n\t\t<\/div>\r\n\t\t\t<div class=\"vri-list-item-block\">\r\n\t\t\t<div class=\"vri-list-item-inner\">\r\n\t\t\t\t\t\t\t<div class=\"vri-list-item-img\">\r\n\t\t\t\t\t<img decoding=\"async\" src=\"https:\/\/farosurfrentals.com\/wp-content\/plugins\/vikrentitems\/admin\/resources\/vthumb_snorkle_set_white.jpg\" alt=\"\" class=\"vrilistimg\"\/>\r\n\t\t\t\t<\/div>\r\n\t\t\t\t\t\t\t\t<div class=\"vri-list-item-descr\">\r\n\t\t\t\t\t<span class=\"vrilistitemname\">Snorkeling Set<\/span>\r\n\t\t\t\t\t<span class=\"vrilistitemcat\">Water sports<\/span>\r\n\t\t\t\t\t<div class=\"vrilistitemdescr\">\r\n\t\t\t\t\t\t<p>Snorkel Set: Goggles + Snorkel tube + Fins\/flippers (shoe size: 37-38, 39-42, 43-45)<\/p>\n\t\t\t\t\t<\/div>\r\n\t\t\t\t\t\t\t\t<\/div>\r\n\t\t\t<\/div>\r\n\t\t\t<div class=\"vri-list-item-cont\">\r\n\t\t\t\t<div class=\"vrilistcostdivcont\">\r\n\t\t\t\t\t\t\t\t\t\t<div class=\"vrilistdivcost\">\r\n\t\t\t\t\t\t<span class=\"vriliststartfrom\">A partir de<\/span>\r\n\t\t\t\t\t\t<span class=\"item_cost\">\u20ac 5.00<\/span>\r\n\t\t\t\t\t\t<span class=\"vriliststartfromtext\">por Dia<\/span>\r\n\t\t\t\t\t<\/div>\r\n\t\t\t\t\t\t\t\t\t\t<span class=\"vrilistgoonlist\"><a href=\"https:\/\/farosurfrentals.com\/pt-pt\/blog\/acampar-no-algarve-com-uma-tenda-o-equipamento-que-realmente-importa\/?option=com_vikrentitems&amp;view=itemdetails&amp;elemid=6\">Ver Detalhes<\/a><\/span>\r\n\t\t\t\t<\/div>\r\n\t\t\t<\/div>\r\n\t\t<\/div>\r\n\t\t\t<div class=\"vri-list-item-block\">\r\n\t\t\t<div class=\"vri-list-item-inner\">\r\n\t\t\t\t\t\t\t<div class=\"vri-list-item-img\">\r\n\t\t\t\t\t<img decoding=\"async\" src=\"https:\/\/farosurfrentals.com\/wp-content\/plugins\/vikrentitems\/admin\/resources\/vthumb_adobestock_1130219670.jpeg\" alt=\"\" class=\"vrilistimg\"\/>\r\n\t\t\t\t<\/div>\r\n\t\t\t\t\t\t\t\t<div class=\"vri-list-item-descr\">\r\n\t\t\t\t\t<span class=\"vrilistitemname\">Wetsuits<\/span>\r\n\t\t\t\t\t<span class=\"vrilistitemcat\">Water sports<\/span>\r\n\t\t\t\t\t<div class=\"vrilistitemdescr\">\r\n\t\t\t\t\t\t<p>Wetsuits de todos os tamanhos (XS-XXL), perfeito para as temperaturas das aguas Portuguesas.<\/p>\n\t\t\t\t\t<\/div>\r\n\t\t\t\t\t\t\t\t<\/div>\r\n\t\t\t<\/div>\r\n\t\t\t<div class=\"vri-list-item-cont\">\r\n\t\t\t\t<div class=\"vrilistcostdivcont\">\r\n\t\t\t\t\t\t\t\t\t\t<div class=\"vrilistdivcost\">\r\n\t\t\t\t\t\t<span class=\"vriliststartfrom\">A partir de<\/span>\r\n\t\t\t\t\t\t<span class=\"item_cost\">\u20ac 3.00<\/span>\r\n\t\t\t\t\t\t<span class=\"vriliststartfromtext\">por Dia<\/span>\r\n\t\t\t\t\t<\/div>\r\n\t\t\t\t\t\t\t\t\t\t<span class=\"vrilistgoonlist\"><a href=\"https:\/\/farosurfrentals.com\/pt-pt\/blog\/acampar-no-algarve-com-uma-tenda-o-equipamento-que-realmente-importa\/?option=com_vikrentitems&amp;view=itemdetails&amp;elemid=9\">Ver Detalhes<\/a><\/span>\r\n\t\t\t\t<\/div>\r\n\t\t\t<\/div>\r\n\t\t<\/div>\r\n\t\t<\/div>\r\n\r\n\t<div class=\"vri-pagination\">\n<div class=\"tablenav bottom\">\n\n\t<div class=\"tablenav-pages\">\n\t\t<span class=\"displaying-num\">15 items<\/span>\n\n\t\t<span class=\"pagination-links\">\n\n\t\t\t\t\t\t\n\t\t\t\t<span class=\"tablenav-pages-navspan button disabled\" aria-hidden=\"true\">\u00ab<\/span>\n\n\t\t\t\n\t\t\t\t\t\t\n\t\t\t\t<span class=\"tablenav-pages-navspan button disabled\" aria-hidden=\"true\">\u2039<\/span>\n\n\t\t\t\n\t\t\t<span class=\"screen-reader-text\">Current Page<\/span>\n\t\t\t<span id=\"table-paging\" class=\"paging-input\">\n\t\t\t\t<span class=\"tablenav-paging-text\">\n\t\t\t\t\t1 of <span class=\"total-pages\">5<\/span>\t\t\t\t<\/span>\n\t\t\t<\/span>\n\n\t\t\t\n\t\t\t\t<a class=\"next-page button\" href=\"https:\/\/farosurfrentals.com\/pt-pt\/wp-json\/wp\/v2\/posts\/15930?limitstart=3\">\n\t\t\t\t\t<span class=\"screen-reader-text\">Next page<\/span>\n\t\t\t\t\t<span aria-hidden=\"true\">\u203a<\/span>\n\t\t\t\t<\/a>\n\n\t\t\t\t\t\t\n\t\t\t\n\t\t\t\t<a class=\"last-page button\" href=\"https:\/\/farosurfrentals.com\/pt-pt\/wp-json\/wp\/v2\/posts\/15930?limitstart=12\">\n\t\t\t\t\t<span class=\"screen-reader-text\">Last page<\/span>\n\t\t\t\t\t<span aria-hidden=\"true\">\u00bb<\/span>\n\t\t\t\t<\/a>\n\n\t\t\t\n\t\t<\/span>\n\t<\/div>\n\n\t<br class=\"clear\">\n\n<\/div>\n<\/div>\r\n\t<\/div>\r\n\n<\/div>\n\n","protected":false},"excerpt":{"rendered":"<p>O vento, o sol e a areia acabam com o equipamento de campismo inadequado por estas bandas. O que levar, o que deixar em casa, as regras relativas ao fogo e onde \u00e9 permitido montar a tenda. <\/p>\n","protected":false},"author":2,"featured_media":14255,"comment_status":"closed","ping_status":"closed","sticky":false,"template":"","format":"standard","meta":{"footnotes":""},"categories":[28],"tags":[],"class_list":["post-15930","post","type-post","status-publish","format-standard","has-post-thumbnail","hentry","category-sem-categoria"],"aioseo_notices":[],"aioseo_head":"\n\t\t<!-- All in One SEO 5.0.1.1 - aioseo.com -->\n\t<meta name=\"description\" content=\"O vento, o sol e a areia danificam o equipamento de campismo inadequado no Algarve. Que tenda e estacas deves levar, quais s\u00e3o as regras relativas \u00e0s fogueiras no ver\u00e3o e onde podes montar a tua tenda legalmente.\" \/>\n\t<meta name=\"robots\" content=\"max-image-preview:large\" \/>\n\t<meta name=\"author\" content=\"farosurfrentals\"\/>\n\t<link rel=\"canonical\" href=\"https:\/\/farosurfrentals.com\/pt-pt\/blog\/acampar-no-algarve-com-uma-tenda-o-equipamento-que-realmente-importa\/\" \/>\n\t<meta name=\"generator\" content=\"All in One SEO (AIOSEO) 5.0.1.1\" \/>\n\t\t<meta property=\"og:locale\" content=\"pt_PT\" \/>\n\t\t<meta property=\"og:site_name\" content=\"Faro Surf Rentals - Surf Rental Faro, Portugal\" \/>\n\t\t<meta property=\"og:type\" content=\"article\" \/>\n\t\t<meta property=\"og:title\" content=\"Acampar em tendas no Algarve: o equipamento que realmente importa\" \/>\n\t\t<meta property=\"og:description\" content=\"O vento, o sol e a areia danificam o equipamento de campismo inadequado no Algarve. Que tenda e estacas deves levar, quais s\u00e3o as regras relativas \u00e0s fogueiras no ver\u00e3o e onde podes montar a tua tenda legalmente.\" \/>\n\t\t<meta property=\"og:url\" content=\"https:\/\/farosurfrentals.com\/pt-pt\/blog\/acampar-no-algarve-com-uma-tenda-o-equipamento-que-realmente-importa\/\" \/>\n\t\t<meta property=\"og:image\" content=\"https:\/\/farosurfrentals.com\/wp-content\/uploads\/2021\/03\/cropped-Logo-long-01.png\" \/>\n\t\t<meta property=\"og:image:secure_url\" content=\"https:\/\/farosurfrentals.com\/wp-content\/uploads\/2021\/03\/cropped-Logo-long-01.png\" \/>\n\t\t<meta property=\"og:image:width\" content=\"576\" \/>\n\t\t<meta property=\"og:image:height\" content=\"499\" \/>\n\t\t<meta property=\"article:published_time\" content=\"2026-08-10T07:49:51+00:00\" \/>\n\t\t<meta property=\"article:modified_time\" content=\"2026-08-10T07:49:51+00:00\" \/>\n\t\t<meta name=\"twitter:card\" content=\"summary_large_image\" \/>\n\t\t<meta name=\"twitter:title\" content=\"Acampar em tendas no Algarve: o equipamento que realmente importa\" \/>\n\t\t<meta name=\"twitter:description\" content=\"O vento, o sol e a areia danificam o equipamento de campismo inadequado no Algarve. Que tenda e estacas deves levar, quais s\u00e3o as regras relativas \u00e0s fogueiras no ver\u00e3o e onde podes montar a tua tenda legalmente.\" \/>\n\t\t<meta name=\"twitter:image\" content=\"https:\/\/farosurfrentals.com\/wp-content\/uploads\/2021\/03\/cropped-Logo-long-01.png\" \/>\n\t\t<script type=\"application\/ld+json\" class=\"aioseo-schema\">\n\t\t\t{\"@context\":\"https:\\\/\\\/schema.org\",\"@graph\":[{\"@type\":\"BlogPosting\",\"@id\":\"https:\\\/\\\/farosurfrentals.com\\\/pt-pt\\\/blog\\\/acampar-no-algarve-com-uma-tenda-o-equipamento-que-realmente-importa\\\/#blogposting\",\"name\":\"Acampar em tendas no Algarve: o equipamento que realmente importa\",\"headline\":\"Acampar no Algarve com uma tenda: o equipamento que realmente importa\",\"author\":{\"@id\":\"https:\\\/\\\/farosurfrentals.com\\\/pt-pt\\\/blog\\\/author\\\/farosurfrentals\\\/#author\"},\"publisher\":{\"@id\":\"https:\\\/\\\/farosurfrentals.com\\\/pt-pt\\\/#organization\"},\"image\":{\"@type\":\"ImageObject\",\"url\":\"https:\\\/\\\/farosurfrentals.com\\\/wp-content\\\/uploads\\\/2021\\\/03\\\/tent-only-min.jpg\",\"width\":437,\"height\":384,\"caption\":\"Tenda de campismo montada na natureza perto de Faro - FaroSurfRentals\"},\"datePublished\":\"2026-08-10T07:49:51+00:00\",\"dateModified\":\"2026-08-10T07:49:51+00:00\",\"inLanguage\":\"pt-PT\",\"mainEntityOfPage\":{\"@id\":\"https:\\\/\\\/farosurfrentals.com\\\/pt-pt\\\/blog\\\/acampar-no-algarve-com-uma-tenda-o-equipamento-que-realmente-importa\\\/#webpage\"},\"isPartOf\":{\"@id\":\"https:\\\/\\\/farosurfrentals.com\\\/pt-pt\\\/blog\\\/acampar-no-algarve-com-uma-tenda-o-equipamento-que-realmente-importa\\\/#webpage\"},\"articleSection\":\"Sem categoria\"},{\"@type\":\"BreadcrumbList\",\"@id\":\"https:\\\/\\\/farosurfrentals.com\\\/pt-pt\\\/blog\\\/acampar-no-algarve-com-uma-tenda-o-equipamento-que-realmente-importa\\\/#breadcrumblist\",\"itemListElement\":[{\"@type\":\"ListItem\",\"@id\":\"https:\\\/\\\/farosurfrentals.com\\\/pt-pt\\\/#listItem\",\"position\":1,\"name\":\"Home\",\"item\":\"https:\\\/\\\/farosurfrentals.com\\\/pt-pt\\\/\",\"nextItem\":{\"@type\":\"ListItem\",\"@id\":\"https:\\\/\\\/farosurfrentals.com\\\/pt-pt\\\/blog\\\/category\\\/sem-categoria\\\/#listItem\",\"name\":\"Sem categoria\"}},{\"@type\":\"ListItem\",\"@id\":\"https:\\\/\\\/farosurfrentals.com\\\/pt-pt\\\/blog\\\/category\\\/sem-categoria\\\/#listItem\",\"position\":2,\"name\":\"Sem categoria\",\"item\":\"https:\\\/\\\/farosurfrentals.com\\\/pt-pt\\\/blog\\\/category\\\/sem-categoria\\\/\",\"nextItem\":{\"@type\":\"ListItem\",\"@id\":\"https:\\\/\\\/farosurfrentals.com\\\/pt-pt\\\/blog\\\/acampar-no-algarve-com-uma-tenda-o-equipamento-que-realmente-importa\\\/#listItem\",\"name\":\"Acampar no Algarve com uma tenda: o equipamento que realmente importa\"},\"previousItem\":{\"@type\":\"ListItem\",\"@id\":\"https:\\\/\\\/farosurfrentals.com\\\/pt-pt\\\/#listItem\",\"name\":\"Home\"}},{\"@type\":\"ListItem\",\"@id\":\"https:\\\/\\\/farosurfrentals.com\\\/pt-pt\\\/blog\\\/acampar-no-algarve-com-uma-tenda-o-equipamento-que-realmente-importa\\\/#listItem\",\"position\":3,\"name\":\"Acampar no Algarve com uma tenda: o equipamento que realmente importa\",\"previousItem\":{\"@type\":\"ListItem\",\"@id\":\"https:\\\/\\\/farosurfrentals.com\\\/pt-pt\\\/blog\\\/category\\\/sem-categoria\\\/#listItem\",\"name\":\"Sem categoria\"}}]},{\"@type\":\"Organization\",\"@id\":\"https:\\\/\\\/farosurfrentals.com\\\/pt-pt\\\/#organization\",\"name\":\"Faro Surf Rentals\",\"description\":\"Surf Rental Faro, Portugal\",\"url\":\"https:\\\/\\\/farosurfrentals.com\\\/pt-pt\\\/\",\"logo\":{\"@type\":\"ImageObject\",\"url\":\"https:\\\/\\\/farosurfrentals.com\\\/wp-content\\\/uploads\\\/2021\\\/03\\\/cropped-Logo-long-01.png\",\"@id\":\"https:\\\/\\\/farosurfrentals.com\\\/pt-pt\\\/blog\\\/acampar-no-algarve-com-uma-tenda-o-equipamento-que-realmente-importa\\\/#organizationLogo\",\"width\":576,\"height\":499,\"caption\":\"Faro surf rentals logo2\"},\"image\":{\"@id\":\"https:\\\/\\\/farosurfrentals.com\\\/pt-pt\\\/blog\\\/acampar-no-algarve-com-uma-tenda-o-equipamento-que-realmente-importa\\\/#organizationLogo\"}},{\"@type\":\"Person\",\"@id\":\"https:\\\/\\\/farosurfrentals.com\\\/pt-pt\\\/blog\\\/author\\\/farosurfrentals\\\/#author\",\"url\":\"https:\\\/\\\/farosurfrentals.com\\\/pt-pt\\\/blog\\\/author\\\/farosurfrentals\\\/\",\"name\":\"farosurfrentals\",\"image\":{\"@type\":\"ImageObject\",\"@id\":\"https:\\\/\\\/farosurfrentals.com\\\/pt-pt\\\/blog\\\/acampar-no-algarve-com-uma-tenda-o-equipamento-que-realmente-importa\\\/#authorImage\",\"url\":\"https:\\\/\\\/secure.gravatar.com\\\/avatar\\\/85bae6fc56dc55da370805c1d796909c96c92bfb2f343f64537c281e45724747?s=96&d=mm&r=g\",\"width\":96,\"height\":96,\"caption\":\"farosurfrentals\"}},{\"@type\":\"WebPage\",\"@id\":\"https:\\\/\\\/farosurfrentals.com\\\/pt-pt\\\/blog\\\/acampar-no-algarve-com-uma-tenda-o-equipamento-que-realmente-importa\\\/#webpage\",\"url\":\"https:\\\/\\\/farosurfrentals.com\\\/pt-pt\\\/blog\\\/acampar-no-algarve-com-uma-tenda-o-equipamento-que-realmente-importa\\\/\",\"name\":\"Acampar em tendas no Algarve: o equipamento que realmente importa\",\"description\":\"O vento, o sol e a areia danificam o equipamento de campismo inadequado no Algarve. Que tenda e estacas deves levar, quais s\\u00e3o as regras relativas \\u00e0s fogueiras no ver\\u00e3o e onde podes montar a tua tenda legalmente.\",\"inLanguage\":\"pt-PT\",\"isPartOf\":{\"@id\":\"https:\\\/\\\/farosurfrentals.com\\\/pt-pt\\\/#website\"},\"breadcrumb\":{\"@id\":\"https:\\\/\\\/farosurfrentals.com\\\/pt-pt\\\/blog\\\/acampar-no-algarve-com-uma-tenda-o-equipamento-que-realmente-importa\\\/#breadcrumblist\"},\"author\":{\"@id\":\"https:\\\/\\\/farosurfrentals.com\\\/pt-pt\\\/blog\\\/author\\\/farosurfrentals\\\/#author\"},\"creator\":{\"@id\":\"https:\\\/\\\/farosurfrentals.com\\\/pt-pt\\\/blog\\\/author\\\/farosurfrentals\\\/#author\"},\"image\":{\"@type\":\"ImageObject\",\"url\":\"https:\\\/\\\/farosurfrentals.com\\\/wp-content\\\/uploads\\\/2021\\\/03\\\/tent-only-min.jpg\",\"@id\":\"https:\\\/\\\/farosurfrentals.com\\\/pt-pt\\\/blog\\\/acampar-no-algarve-com-uma-tenda-o-equipamento-que-realmente-importa\\\/#mainImage\",\"width\":437,\"height\":384,\"caption\":\"Tenda de campismo montada na natureza perto de Faro - FaroSurfRentals\"},\"primaryImageOfPage\":{\"@id\":\"https:\\\/\\\/farosurfrentals.com\\\/pt-pt\\\/blog\\\/acampar-no-algarve-com-uma-tenda-o-equipamento-que-realmente-importa\\\/#mainImage\"},\"datePublished\":\"2026-08-10T07:49:51+00:00\",\"dateModified\":\"2026-08-10T07:49:51+00:00\"},{\"@type\":\"WebSite\",\"@id\":\"https:\\\/\\\/farosurfrentals.com\\\/pt-pt\\\/#website\",\"url\":\"https:\\\/\\\/farosurfrentals.com\\\/pt-pt\\\/\",\"name\":\"Faro Surf Rentals\",\"description\":\"Surf Rental Faro, Portugal\",\"inLanguage\":\"pt-PT\",\"publisher\":{\"@id\":\"https:\\\/\\\/farosurfrentals.com\\\/pt-pt\\\/#organization\"}}]}\n\t\t<\/script>\n\t\t<!-- All in One SEO -->\n\n","aioseo_head_json":{"title":"Acampar em tendas no Algarve: o equipamento que realmente importa","description":"O vento, o sol e a areia danificam o equipamento de campismo inadequado no Algarve. Que tenda e estacas deves levar, quais s\u00e3o as regras relativas \u00e0s fogueiras no ver\u00e3o e onde podes montar a tua tenda legalmente.","canonical_url":"https:\/\/farosurfrentals.com\/pt-pt\/blog\/acampar-no-algarve-com-uma-tenda-o-equipamento-que-realmente-importa\/","robots":"max-image-preview:large","keywords":"","webmasterTools":{"miscellaneous":""},"schema":{"@context":"https:\/\/schema.org","@graph":[{"@type":"BlogPosting","@id":"https:\/\/farosurfrentals.com\/pt-pt\/blog\/acampar-no-algarve-com-uma-tenda-o-equipamento-que-realmente-importa\/#blogposting","name":"Acampar em tendas no Algarve: o equipamento que realmente importa","headline":"Acampar no Algarve com uma tenda: o equipamento que realmente importa","author":{"@id":"https:\/\/farosurfrentals.com\/pt-pt\/blog\/author\/farosurfrentals\/#author"},"publisher":{"@id":"https:\/\/farosurfrentals.com\/pt-pt\/#organization"},"image":{"@type":"ImageObject","url":"https:\/\/farosurfrentals.com\/wp-content\/uploads\/2021\/03\/tent-only-min.jpg","width":437,"height":384,"caption":"Tenda de campismo montada na natureza perto de Faro - FaroSurfRentals"},"datePublished":"2026-08-10T07:49:51+00:00","dateModified":"2026-08-10T07:49:51+00:00","inLanguage":"pt-PT","mainEntityOfPage":{"@id":"https:\/\/farosurfrentals.com\/pt-pt\/blog\/acampar-no-algarve-com-uma-tenda-o-equipamento-que-realmente-importa\/#webpage"},"isPartOf":{"@id":"https:\/\/farosurfrentals.com\/pt-pt\/blog\/acampar-no-algarve-com-uma-tenda-o-equipamento-que-realmente-importa\/#webpage"},"articleSection":"Sem categoria"},{"@type":"BreadcrumbList","@id":"https:\/\/farosurfrentals.com\/pt-pt\/blog\/acampar-no-algarve-com-uma-tenda-o-equipamento-que-realmente-importa\/#breadcrumblist","itemListElement":[{"@type":"ListItem","@id":"https:\/\/farosurfrentals.com\/pt-pt\/#listItem","position":1,"name":"Home","item":"https:\/\/farosurfrentals.com\/pt-pt\/","nextItem":{"@type":"ListItem","@id":"https:\/\/farosurfrentals.com\/pt-pt\/blog\/category\/sem-categoria\/#listItem","name":"Sem categoria"}},{"@type":"ListItem","@id":"https:\/\/farosurfrentals.com\/pt-pt\/blog\/category\/sem-categoria\/#listItem","position":2,"name":"Sem categoria","item":"https:\/\/farosurfrentals.com\/pt-pt\/blog\/category\/sem-categoria\/","nextItem":{"@type":"ListItem","@id":"https:\/\/farosurfrentals.com\/pt-pt\/blog\/acampar-no-algarve-com-uma-tenda-o-equipamento-que-realmente-importa\/#listItem","name":"Acampar no Algarve com uma tenda: o equipamento que realmente importa"},"previousItem":{"@type":"ListItem","@id":"https:\/\/farosurfrentals.com\/pt-pt\/#listItem","name":"Home"}},{"@type":"ListItem","@id":"https:\/\/farosurfrentals.com\/pt-pt\/blog\/acampar-no-algarve-com-uma-tenda-o-equipamento-que-realmente-importa\/#listItem","position":3,"name":"Acampar no Algarve com uma tenda: o equipamento que realmente importa","previousItem":{"@type":"ListItem","@id":"https:\/\/farosurfrentals.com\/pt-pt\/blog\/category\/sem-categoria\/#listItem","name":"Sem categoria"}}]},{"@type":"Organization","@id":"https:\/\/farosurfrentals.com\/pt-pt\/#organization","name":"Faro Surf Rentals","description":"Surf Rental Faro, Portugal","url":"https:\/\/farosurfrentals.com\/pt-pt\/","logo":{"@type":"ImageObject","url":"https:\/\/farosurfrentals.com\/wp-content\/uploads\/2021\/03\/cropped-Logo-long-01.png","@id":"https:\/\/farosurfrentals.com\/pt-pt\/blog\/acampar-no-algarve-com-uma-tenda-o-equipamento-que-realmente-importa\/#organizationLogo","width":576,"height":499,"caption":"Faro surf rentals logo2"},"image":{"@id":"https:\/\/farosurfrentals.com\/pt-pt\/blog\/acampar-no-algarve-com-uma-tenda-o-equipamento-que-realmente-importa\/#organizationLogo"}},{"@type":"Person","@id":"https:\/\/farosurfrentals.com\/pt-pt\/blog\/author\/farosurfrentals\/#author","url":"https:\/\/farosurfrentals.com\/pt-pt\/blog\/author\/farosurfrentals\/","name":"farosurfrentals","image":{"@type":"ImageObject","@id":"https:\/\/farosurfrentals.com\/pt-pt\/blog\/acampar-no-algarve-com-uma-tenda-o-equipamento-que-realmente-importa\/#authorImage","url":"https:\/\/secure.gravatar.com\/avatar\/85bae6fc56dc55da370805c1d796909c96c92bfb2f343f64537c281e45724747?s=96&d=mm&r=g","width":96,"height":96,"caption":"farosurfrentals"}},{"@type":"WebPage","@id":"https:\/\/farosurfrentals.com\/pt-pt\/blog\/acampar-no-algarve-com-uma-tenda-o-equipamento-que-realmente-importa\/#webpage","url":"https:\/\/farosurfrentals.com\/pt-pt\/blog\/acampar-no-algarve-com-uma-tenda-o-equipamento-que-realmente-importa\/","name":"Acampar em tendas no Algarve: o equipamento que realmente importa","description":"O vento, o sol e a areia danificam o equipamento de campismo inadequado no Algarve. Que tenda e estacas deves levar, quais s\u00e3o as regras relativas \u00e0s fogueiras no ver\u00e3o e onde podes montar a tua tenda legalmente.","inLanguage":"pt-PT","isPartOf":{"@id":"https:\/\/farosurfrentals.com\/pt-pt\/#website"},"breadcrumb":{"@id":"https:\/\/farosurfrentals.com\/pt-pt\/blog\/acampar-no-algarve-com-uma-tenda-o-equipamento-que-realmente-importa\/#breadcrumblist"},"author":{"@id":"https:\/\/farosurfrentals.com\/pt-pt\/blog\/author\/farosurfrentals\/#author"},"creator":{"@id":"https:\/\/farosurfrentals.com\/pt-pt\/blog\/author\/farosurfrentals\/#author"},"image":{"@type":"ImageObject","url":"https:\/\/farosurfrentals.com\/wp-content\/uploads\/2021\/03\/tent-only-min.jpg","@id":"https:\/\/farosurfrentals.com\/pt-pt\/blog\/acampar-no-algarve-com-uma-tenda-o-equipamento-que-realmente-importa\/#mainImage","width":437,"height":384,"caption":"Tenda de campismo montada na natureza perto de Faro - FaroSurfRentals"},"primaryImageOfPage":{"@id":"https:\/\/farosurfrentals.com\/pt-pt\/blog\/acampar-no-algarve-com-uma-tenda-o-equipamento-que-realmente-importa\/#mainImage"},"datePublished":"2026-08-10T07:49:51+00:00","dateModified":"2026-08-10T07:49:51+00:00"},{"@type":"WebSite","@id":"https:\/\/farosurfrentals.com\/pt-pt\/#website","url":"https:\/\/farosurfrentals.com\/pt-pt\/","name":"Faro Surf Rentals","description":"Surf Rental Faro, Portugal","inLanguage":"pt-PT","publisher":{"@id":"https:\/\/farosurfrentals.com\/pt-pt\/#organization"}}]},"og:locale":"pt_PT","og:site_name":"Faro Surf Rentals - Surf Rental Faro, Portugal","og:type":"article","og:title":"Acampar em tendas no Algarve: o equipamento que realmente importa","og:description":"O vento, o sol e a areia danificam o equipamento de campismo inadequado no Algarve. Que tenda e estacas deves levar, quais s\u00e3o as regras relativas \u00e0s fogueiras no ver\u00e3o e onde podes montar a tua tenda legalmente.","og:url":"https:\/\/farosurfrentals.com\/pt-pt\/blog\/acampar-no-algarve-com-uma-tenda-o-equipamento-que-realmente-importa\/","og:image":"https:\/\/farosurfrentals.com\/wp-content\/uploads\/2021\/03\/cropped-Logo-long-01.png","og:image:secure_url":"https:\/\/farosurfrentals.com\/wp-content\/uploads\/2021\/03\/cropped-Logo-long-01.png","og:image:width":576,"og:image:height":499,"article:published_time":"2026-08-10T07:49:51+00:00","article:modified_time":"2026-08-10T07:49:51+00:00","twitter:card":"summary_large_image","twitter:title":"Acampar em tendas no Algarve: o equipamento que realmente importa","twitter:description":"O vento, o sol e a areia danificam o equipamento de campismo inadequado no Algarve. Que tenda e estacas deves levar, quais s\u00e3o as regras relativas \u00e0s fogueiras no ver\u00e3o e onde podes montar a tua tenda legalmente.","twitter:image":"https:\/\/farosurfrentals.com\/wp-content\/uploads\/2021\/03\/cropped-Logo-long-01.png"},"aioseo_meta_data":{"post_id":"15930","title":"Acampar em tendas no Algarve: o equipamento que realmente importa","description":"O vento, o sol e a areia danificam o equipamento de campismo inadequado no Algarve. Que tenda e estacas deves levar, quais s\u00e3o as regras relativas \u00e0s fogueiras no ver\u00e3o e onde podes montar a tua tenda legalmente. ","keywords":null,"keyphrases":{"focus":[],"additional":[]},"primary_term":null,"canonical_url":null,"og_title":null,"og_description":null,"og_object_type":"default","og_image_type":"default","og_image_url":null,"og_image_width":null,"og_image_height":null,"og_image_custom_url":null,"og_image_custom_fields":null,"og_video":"","og_custom_url":null,"og_article_section":null,"og_article_tags":null,"twitter_use_og":false,"twitter_card":"default","twitter_image_type":"default","twitter_image_url":null,"twitter_image_custom_url":null,"twitter_image_custom_fields":null,"twitter_title":null,"twitter_description":null,"schema":{"blockGraphs":[],"customGraphs":[],"default":{"data":{"Article":[],"Course":[],"Dataset":[],"FAQPage":[],"Movie":[],"Person":[],"Product":[],"ProductReview":[],"Car":[],"Recipe":[],"Service":[],"SoftwareApplication":[],"WebPage":[]},"graphName":"BlogPosting","isEnabled":true},"graphs":[]},"schema_type":"default","schema_type_options":null,"pillar_content":false,"robots_default":true,"robots_noindex":false,"robots_noarchive":false,"robots_nosnippet":false,"robots_nofollow":false,"robots_noimageindex":false,"robots_noodp":false,"robots_notranslate":false,"robots_max_snippet":"-1","robots_max_videopreview":"-1","robots_max_imagepreview":"large","priority":null,"frequency":"default","local_seo":null,"breadcrumb_settings":null,"limit_modified_date":false,"ai":{"faqs":[],"keyPoints":[],"schemas":[],"titles":[],"descriptions":[],"socialPosts":{"email":[],"linkedin":[],"twitter":[],"facebook":[],"instagram":[]}},"created":"2026-09-04 10:58:07","updated":"2026-09-04 10:58:07","seo_analyzer_scan_date":null,"focus_keyword":null,"additional_keywords":null,"truseo_locale":null},"aioseo_breadcrumb":"<div class=\"aioseo-breadcrumbs\"><span class=\"aioseo-breadcrumb\">\n\t\t\t<a href=\"https:\/\/farosurfrentals.com\/pt-pt\/\" title=\"Home\">Home<\/a>\n\t\t<\/span><span class=\"aioseo-breadcrumb-separator\">&raquo;<\/span><span class=\"aioseo-breadcrumb\">\n\t\t\t<a href=\"https:\/\/farosurfrentals.com\/pt-pt\/blog\/category\/sem-categoria\/\" title=\"Sem categoria\">Sem categoria<\/a>\n\t\t<\/span><span class=\"aioseo-breadcrumb-separator\">&raquo;<\/span><span class=\"aioseo-breadcrumb\">\n\t\t\tAcampar no Algarve com uma tenda: o equipamento que realmente importa\n\t\t<\/span><\/div>","aioseo_breadcrumb_json":[{"label":"Home","link":"https:\/\/farosurfrentals.com\/pt-pt\/"},{"label":"Sem categoria","link":"https:\/\/farosurfrentals.com\/pt-pt\/blog\/category\/sem-categoria\/"},{"label":"Acampar no Algarve com uma tenda: o equipamento que realmente importa","link":"https:\/\/farosurfrentals.com\/pt-pt\/blog\/acampar-no-algarve-com-uma-tenda-o-equipamento-que-realmente-importa\/"}],"_links":{"self":[{"href":"https:\/\/farosurfrentals.com\/pt-pt\/wp-json\/wp\/v2\/posts\/15930","targetHints":{"allow":["GET"]}}],"collection":[{"href":"https:\/\/farosurfrentals.com\/pt-pt\/wp-json\/wp\/v2\/posts"}],"about":[{"href":"https:\/\/farosurfrentals.com\/pt-pt\/wp-json\/wp\/v2\/types\/post"}],"author":[{"embeddable":true,"href":"https:\/\/farosurfrentals.com\/pt-pt\/wp-json\/wp\/v2\/users\/2"}],"replies":[{"embeddable":true,"href":"https:\/\/farosurfrentals.com\/pt-pt\/wp-json\/wp\/v2\/comments?post=15930"}],"version-history":[{"count":0,"href":"https:\/\/farosurfrentals.com\/pt-pt\/wp-json\/wp\/v2\/posts\/15930\/revisions"}],"wp:featuredmedia":[{"embeddable":true,"href":"https:\/\/farosurfrentals.com\/pt-pt\/wp-json\/wp\/v2\/media\/14255"}],"wp:attachment":[{"href":"https:\/\/farosurfrentals.com\/pt-pt\/wp-json\/wp\/v2\/media?parent=15930"}],"wp:term":[{"taxonomy":"category","embeddable":true,"href":"https:\/\/farosurfrentals.com\/pt-pt\/wp-json\/wp\/v2\/categories?post=15930"},{"taxonomy":"post_tag","embeddable":true,"href":"https:\/\/farosurfrentals.com\/pt-pt\/wp-json\/wp\/v2\/tags?post=15930"}],"curies":[{"name":"wp","href":"https:\/\/api.w.org\/{rel}","templated":true}]}}