{"id":15922,"date":"2026-08-10T07:41:48","date_gmt":"2026-08-10T07:41:48","guid":{"rendered":"https:\/\/farosurfrentals.com\/blog\/como-ir-do-aeroporto-de-faro-ate-a-praia-de-faro-com-ou-sem-prancha\/"},"modified":"2026-08-10T07:41:48","modified_gmt":"2026-08-10T07:41:48","slug":"como-ir-do-aeroporto-de-faro-ate-a-praia-de-faro-com-ou-sem-prancha","status":"publish","type":"post","link":"https:\/\/farosurfrentals.com\/pt-pt\/blog\/como-ir-do-aeroporto-de-faro-ate-a-praia-de-faro-com-ou-sem-prancha\/","title":{"rendered":"Como ir do Aeroporto de Faro at\u00e9 \u00e0 Praia de Faro, com ou sem prancha"},"content":{"rendered":"<p>O Aeroporto de Faro fica mais perto da praia do que da cidade. Isso surpreende muita gente. A pista fica \u00e0 beira da Ria Formosa, e a Praia de Faro, aquela longa praia de areia do outro lado da \u00e1gua, fica a menos de 4 km de dist\u00e2ncia por estrada. Podes aterrar, ir buscar a tua mala e estar com os p\u00e9s na areia em cerca de vinte minutos.   <\/p>\n<p>Chegar l\u00e1 com uma prancha de surf \u00e9 outra hist\u00f3ria, e \u00e9 uma quest\u00e3o \u00e0 qual ningu\u00e9m responde como deve ser. Aqui vai a vers\u00e3o sincera. <\/p>\n<h2>O autocarro<\/h2>\n<p>A linha 16, operada pela Proximo, \u00e9 a que te interessa. Faz o percurso entre o terminal rodovi\u00e1rio de Faro, na cidade, e a Praia de Faro, e o aeroporto fica mesmo a meio desse percurso, por isso a mesma linha serve os dois sentidos. <\/p>\n<p>Fica atento ao painel de destinos \u00e0 frente. Se disser \u00abPraia de Faro\u00bb, vai para a praia. Se disser \u00abT. Rodovi\u00e1rio\u00bb, vai para a cidade. As pessoas confundem-se constantemente e acabam por dar a volta toda.   <\/p>\n<p>A tarifa \u00e9 de uns dois euros, que se paga em dinheiro ao motorista, e a viagem do aeroporto at\u00e9 \u00e0 praia demora cerca de cinco minutos. A frequ\u00eancia \u00e9 de aproximadamente a cada quinze minutos durante o ver\u00e3o e a cada meia hora aos fins de semana e na \u00e9poca baixa. D\u00e1 uma olhadela no hor\u00e1rio atual antes de contares com ele, porque a frequ\u00eancia diminui consideravelmente no inverno.  <\/p>\n<h2>T\u00e1xi, Uber e Bolt<\/h2>\n<p>H\u00e1 uma pra\u00e7a de t\u00e1xis mesmo \u00e0 sa\u00edda da zona de chegadas. O trajeto at\u00e9 \u00e0 praia \u00e9 curto, por isso conta com algo na ordem dos dez euros, com um pequeno suplemento por bagagem e tarifas mais elevadas \u00e0 noite e aos fins de semana. <\/p>\n<p>Tanto a Uber como a Bolt operam no Aeroporto de Faro e costumam ser uns euros mais baratas. Precisas de dados m\u00f3veis para fazeres a reserva e, em julho e agosto, os pre\u00e7os sobem porque h\u00e1 mais passageiros a chegar do que motoristas. <\/p>\n<h2>A p\u00e9 e de bicicleta<\/h2>\n<p>Podes ir a p\u00e9. S\u00e3o cerca de 45 minutos, ao longo da estrada e passando pela ponte at\u00e9 ao banco de areia. O terreno \u00e9 plano e n\u00e3o \u00e9 desagrad\u00e1vel de manh\u00e3 cedo, mas n\u00e3o h\u00e1 sombra e a estrada \u00e9 estreita em alguns pontos. D\u00e1 para aguentar com uma mochila, mas \u00e9 imposs\u00edvel em agosto, ao meio-dia.   <\/p>\n<p>Andar de bicicleta \u00e9 mais r\u00e1pido e \u00e9 o que os locais fazem, mas o tro\u00e7o da ponte \u00e9 estreito e n\u00e3o h\u00e1 ciclovia separada ao longo de todo o percurso.<\/p>\n<h2>Agora, o verdadeiro problema<\/h2>\n<p>Todas as op\u00e7\u00f5es acima deixam de fazer sentido assim que levas uma prancha de 7 ou 8 p\u00e9s.<\/p>\n<p>Um autocarro local n\u00e3o o leva, e mesmo que um motorista te fizesse sinal para entrares, serias aquela pessoa a bloquear o corredor num trajeto de quinze minutos na \u00e9poca alta. Um t\u00e1xi normal n\u00e3o tem espa\u00e7o para ele, e os motoristas da Uber e da Bolt que chegam num carro de passeio v\u00e3o cancelar a corrida assim que virem o que est\u00e1s a segurar. Andar 45 minutos com uma prancha debaixo do bra\u00e7o no calor do Algarve \u00e9 uma tarde p\u00e9ssima.  <\/p>\n<p>Ent\u00e3o, no caso de um tabuleiro, h\u00e1, na verdade, duas respostas vi\u00e1veis.<\/p>\n<p><strong>Um carro alugado com uma barra de tejadilho ou cintas.<\/strong>  A maioria dos carros de aluguer em Faro vem com barras de tejadilho simples ou nem isso, por isso precisas de cintas de tejadilho flex\u00edveis, que se fixam no tejadilho passando pelas molduras das portas e mant\u00eam a prancha na horizontal. Alug\u00e1-las custa muito pouco e s\u00e3o a diferen\u00e7a entre uma viagem que corre bem e uma que n\u00e3o corre. <\/p>\n<p><strong>Ou ent\u00e3o, nem sequer tragas uma prancha.<\/strong>  Se a prancha for a \u00fanica raz\u00e3o pela qual precisas de um carro maior, muitas vezes a conta j\u00e1 n\u00e3o faz sentido. As companhias a\u00e9reas cobram sessenta euros ou mais por cada viagem para transportar uma prancha, e falamos disso em pormenor no artigo sobre <a href=\"https:\/\/farosurfrentals.com\/pt-pt\/blog\/viajar-de-aviao-para-faro-com-uma-prancha-de-surf-quanto-custa-e-quando-e-que-alugar-sai-mais-barato\/\">o que as companhias a\u00e9reas cobram por uma prancha de surf<\/a>. <\/p>\n<h2>Como \u00e9 mesmo a Praia de Faro<\/h2>\n<p>Vale a pena ser claro quanto a isto. A Praia de Faro \u00e9 uma praia areada, longa e aberta, situada numa ilha-barreira, com o oceano de um lado e a lagoa do outro. \u00c9 um s\u00edtio encantador para nadar, remar e passar o dia, e \u00e9 onde deves ir se tiveres algumas horas livres entre voos.  <\/p>\n<p>N\u00e3o \u00e9 uma praia de surf muito fi\u00e1vel. Est\u00e1 virada para sul, por isso fica protegida do swell do Atl\u00e2ntico que atinge a costa oeste e, durante a maior parte do ver\u00e3o, o mar fica calmo. Mas quando chega um grande swell de sul no inverno, as ondas melhoram e, nessas alturas, \u00e9 uma das ondas mais f\u00e1ceis da regi\u00e3o. Mas se o objetivo da tua viagem \u00e9 surfar, as ondas est\u00e3o na costa oeste, a uma hora e meia de dist\u00e2ncia. Escrevemos <a href=\"https:\/\/farosurfrentals.com\/pt-pt\/blog\/surf-no-algarve-para-principiantes-que-costa-escolher-em-cada-estacao-do-ano\/\">aqui<\/a> sobre qual a costa ideal em cada \u00e9poca do ano.    <\/p>\n<p>Onde a Praia de Faro se destaca mesmo \u00e9 do lado da lagoa. \u00c1gua plana, rasa e quente, mesmo ao lado da areia, ideal para fazer paddleboard. \u00c9 por isso que a maioria dos nossos alugueres de SUP come\u00e7a aqui.  <\/p>\n<h2>A resposta curta<\/h2>\n<p>Sem autocarro: apanha a linha 16, cinco minutos, uns dois euros.<\/p>\n<p>Se tiveres uma prancha: aluga um carro com cintas de tejadilho ou vem buscar o teu equipamento aqui. Estamos a 1,5 km do aeroporto, a caminho da praia, por isso podes levantar uma <a href=\"https:\/\/farosurfrentals.com\/pt-pt\/blog\/aluguer-de-pranchas-de-surf-em-faro-agora-mais-facil-recolha-rapida-perto-do-aeroporto\/\">prancha de surf<\/a> ou uma <a href=\"https:\/\/farosurfrentals.com\/pt-pt\/blog\/aluguer-de-sup-em-faro-facil-divertido-e-perto-do-aeroporto\/\">prancha de paddle<\/a> ao sair da zona de chegadas e estar na \u00e1gua ainda essa mesma manh\u00e3. Temos cintas de tejadilho dispon\u00edveis para alugar, caso o teu carro n\u00e3o tenha porta-pranchas.  <\/p>\n<h2>Cr\u00e9ditos fotogr\u00e1ficos<\/h2>\n<p>Foto da Praia de Faro por Vitor Oliveira, licenciada sob <a href=\"https:\/\/creativecommons.org\/licenses\/by-sa\/2.0\/\" rel=\"noopener nofollow\">CC BY-SA 2.0<\/a>, via <a href=\"https:\/\/commons.wikimedia.org\/wiki\/File:Praia_de_Faro_-_Portugal_(6697971433).jpg\" rel=\"noopener nofollow\">Wikimedia Commons<\/a>. Redimensionada para esta p\u00e1gina. <\/p>\n<h2>Reserva o teu equipamento<\/h2>\n<p>Tudo isto fica a 1,5 km do Aeroporto de Faro, no caminho de entrada a partir da zona de chegadas. Escolhe as datas e verifica a disponibilidade abaixo. <\/p>\n\n<div class=\"wrap plugin-container\">\n\n\t\n\t\n\t<div class=\"vri-page-content\">\r\n<h3 class=\"vri-page-head-title\">Faro Surf Rentals<\/h3>\t<div class=\"vrilistcontainer\">\r\n\t\t<div class=\"vri-list-item-block\">\r\n\t\t\t<div class=\"vri-list-item-inner\">\r\n\t\t\t\t\t\t\t<div class=\"vri-list-item-img\">\r\n\t\t\t\t\t<img decoding=\"async\" src=\"https:\/\/farosurfrentals.com\/wp-content\/plugins\/vikrentitems\/admin\/resources\/vthumb_surf_racks_chat_gdp_1.png\" alt=\"\" class=\"vrilistimg\"\/>\r\n\t\t\t\t<\/div>\r\n\t\t\t\t\t\t\t\t<div class=\"vri-list-item-descr\">\r\n\t\t\t\t\t<span class=\"vrilistitemname\">Car Roof Rack Surf<\/span>\r\n\t\t\t\t\t<span class=\"vrilistitemcat\">Water sports, Travel Extras<\/span>\r\n\t\t\t\t\t<div class=\"vrilistitemdescr\">\r\n\t\t\t\t\t\t<p>Up to 3 surfboards<\/p>\n\t\t\t\t\t<\/div>\r\n\t\t\t\t\t\t\t\t<\/div>\r\n\t\t\t<\/div>\r\n\t\t\t<div class=\"vri-list-item-cont\">\r\n\t\t\t\t<div class=\"vrilistcostdivcont\">\r\n\t\t\t\t\t\t\t\t\t\t<div class=\"vrilistdivcost\">\r\n\t\t\t\t\t\t<span class=\"vriliststartfrom\">A partir de<\/span>\r\n\t\t\t\t\t\t<span class=\"item_cost\">\u20ac 5.00<\/span>\r\n\t\t\t\t\t\t<span class=\"vriliststartfromtext\">por Hora<\/span>\r\n\t\t\t\t\t<\/div>\r\n\t\t\t\t\t\t\t\t\t\t<span class=\"vrilistgoonlist\"><a href=\"https:\/\/farosurfrentals.com\/pt-pt\/bodyboard\/?elemid=24\">Ver Detalhes<\/a><\/span>\r\n\t\t\t\t<\/div>\r\n\t\t\t<\/div>\r\n\t\t<\/div>\r\n\t\t\t<div class=\"vri-list-item-block\">\r\n\t\t\t<div class=\"vri-list-item-inner\">\r\n\t\t\t\t\t\t\t<div class=\"vri-list-item-img\">\r\n\t\t\t\t\t<img decoding=\"async\" src=\"https:\/\/farosurfrentals.com\/wp-content\/plugins\/vikrentitems\/admin\/resources\/vthumb_snorkle_set_white.jpg\" alt=\"\" class=\"vrilistimg\"\/>\r\n\t\t\t\t<\/div>\r\n\t\t\t\t\t\t\t\t<div class=\"vri-list-item-descr\">\r\n\t\t\t\t\t<span class=\"vrilistitemname\">Snorkeling Set<\/span>\r\n\t\t\t\t\t<span class=\"vrilistitemcat\">Water sports<\/span>\r\n\t\t\t\t\t<div class=\"vrilistitemdescr\">\r\n\t\t\t\t\t\t<p>Snorkel Set: Goggles + Snorkel tube + Fins\/flippers (shoe size: 37-38, 39-42, 43-45)<\/p>\n\t\t\t\t\t<\/div>\r\n\t\t\t\t\t\t\t\t<\/div>\r\n\t\t\t<\/div>\r\n\t\t\t<div class=\"vri-list-item-cont\">\r\n\t\t\t\t<div class=\"vrilistcostdivcont\">\r\n\t\t\t\t\t\t\t\t\t\t<div class=\"vrilistdivcost\">\r\n\t\t\t\t\t\t<span class=\"vriliststartfrom\">A partir de<\/span>\r\n\t\t\t\t\t\t<span class=\"item_cost\">\u20ac 5.00<\/span>\r\n\t\t\t\t\t\t<span class=\"vriliststartfromtext\">por Dia<\/span>\r\n\t\t\t\t\t<\/div>\r\n\t\t\t\t\t\t\t\t\t\t<span class=\"vrilistgoonlist\"><a href=\"https:\/\/farosurfrentals.com\/pt-pt\/blog\/como-ir-do-aeroporto-de-faro-ate-a-praia-de-faro-com-ou-sem-prancha\/?option=com_vikrentitems&amp;view=itemdetails&amp;elemid=6\">Ver Detalhes<\/a><\/span>\r\n\t\t\t\t<\/div>\r\n\t\t\t<\/div>\r\n\t\t<\/div>\r\n\t\t\t<div class=\"vri-list-item-block\">\r\n\t\t\t<div class=\"vri-list-item-inner\">\r\n\t\t\t\t\t\t\t<div class=\"vri-list-item-img\">\r\n\t\t\t\t\t<img decoding=\"async\" src=\"https:\/\/farosurfrentals.com\/wp-content\/plugins\/vikrentitems\/admin\/resources\/vthumb_adobestock_1130219670.jpeg\" alt=\"\" class=\"vrilistimg\"\/>\r\n\t\t\t\t<\/div>\r\n\t\t\t\t\t\t\t\t<div class=\"vri-list-item-descr\">\r\n\t\t\t\t\t<span class=\"vrilistitemname\">Wetsuits<\/span>\r\n\t\t\t\t\t<span class=\"vrilistitemcat\">Water sports<\/span>\r\n\t\t\t\t\t<div class=\"vrilistitemdescr\">\r\n\t\t\t\t\t\t<p>Wetsuits de todos os tamanhos (XS-XXL), perfeito para as temperaturas das aguas Portuguesas.<\/p>\n\t\t\t\t\t<\/div>\r\n\t\t\t\t\t\t\t\t<\/div>\r\n\t\t\t<\/div>\r\n\t\t\t<div class=\"vri-list-item-cont\">\r\n\t\t\t\t<div class=\"vrilistcostdivcont\">\r\n\t\t\t\t\t\t\t\t\t\t<div class=\"vrilistdivcost\">\r\n\t\t\t\t\t\t<span class=\"vriliststartfrom\">A partir de<\/span>\r\n\t\t\t\t\t\t<span class=\"item_cost\">\u20ac 3.00<\/span>\r\n\t\t\t\t\t\t<span class=\"vriliststartfromtext\">por Dia<\/span>\r\n\t\t\t\t\t<\/div>\r\n\t\t\t\t\t\t\t\t\t\t<span class=\"vrilistgoonlist\"><a href=\"https:\/\/farosurfrentals.com\/pt-pt\/blog\/como-ir-do-aeroporto-de-faro-ate-a-praia-de-faro-com-ou-sem-prancha\/?option=com_vikrentitems&amp;view=itemdetails&amp;elemid=9\">Ver Detalhes<\/a><\/span>\r\n\t\t\t\t<\/div>\r\n\t\t\t<\/div>\r\n\t\t<\/div>\r\n\t\t<\/div>\r\n\r\n\t<div class=\"vri-pagination\">\n<div class=\"tablenav bottom\">\n\n\t<div class=\"tablenav-pages\">\n\t\t<span class=\"displaying-num\">15 items<\/span>\n\n\t\t<span class=\"pagination-links\">\n\n\t\t\t\t\t\t\n\t\t\t\t<span class=\"tablenav-pages-navspan button disabled\" aria-hidden=\"true\">\u00ab<\/span>\n\n\t\t\t\n\t\t\t\t\t\t\n\t\t\t\t<span class=\"tablenav-pages-navspan button disabled\" aria-hidden=\"true\">\u2039<\/span>\n\n\t\t\t\n\t\t\t<span class=\"screen-reader-text\">Current Page<\/span>\n\t\t\t<span id=\"table-paging\" class=\"paging-input\">\n\t\t\t\t<span class=\"tablenav-paging-text\">\n\t\t\t\t\t1 of <span class=\"total-pages\">5<\/span>\t\t\t\t<\/span>\n\t\t\t<\/span>\n\n\t\t\t\n\t\t\t\t<a class=\"next-page button\" href=\"https:\/\/farosurfrentals.com\/pt-pt\/wp-json\/wp\/v2\/posts\/15922?limitstart=3\">\n\t\t\t\t\t<span class=\"screen-reader-text\">Next page<\/span>\n\t\t\t\t\t<span aria-hidden=\"true\">\u203a<\/span>\n\t\t\t\t<\/a>\n\n\t\t\t\t\t\t\n\t\t\t\n\t\t\t\t<a class=\"last-page button\" href=\"https:\/\/farosurfrentals.com\/pt-pt\/wp-json\/wp\/v2\/posts\/15922?limitstart=12\">\n\t\t\t\t\t<span class=\"screen-reader-text\">Last page<\/span>\n\t\t\t\t\t<span aria-hidden=\"true\">\u00bb<\/span>\n\t\t\t\t<\/a>\n\n\t\t\t\n\t\t<\/span>\n\t<\/div>\n\n\t<br class=\"clear\">\n\n<\/div>\n<\/div>\r\n\t<\/div>\r\n\n<\/div>\n\n","protected":false},"excerpt":{"rendered":"<p>A Praia de Faro fica a menos de 4 km do aeroporto. As op\u00e7\u00f5es de autocarro, t\u00e1xi e a p\u00e9, e o que realmente funciona quando est\u00e1s a carregar uma prancha de surf. <\/p>\n","protected":false},"author":2,"featured_media":0,"comment_status":"closed","ping_status":"closed","sticky":false,"template":"","format":"standard","meta":{"footnotes":""},"categories":[28],"tags":[],"class_list":["post-15922","post","type-post","status-publish","format-standard","hentry","category-sem-categoria"],"aioseo_notices":[],"aioseo_head":"\n\t\t<!-- All in One SEO 5.0.1.1 - aioseo.com -->\n\t<meta name=\"description\" content=\"A Praia de Faro fica a menos de 4 km do Aeroporto de Faro. A linha de autocarro 16, os pre\u00e7os dos t\u00e1xis e do Uber, os tempos de percurso a p\u00e9 e o que funciona mesmo quando se leva uma prancha de surf.\" \/>\n\t<meta name=\"robots\" content=\"max-image-preview:large\" \/>\n\t<meta name=\"author\" content=\"farosurfrentals\"\/>\n\t<link rel=\"canonical\" href=\"https:\/\/farosurfrentals.com\/pt-pt\/blog\/como-ir-do-aeroporto-de-faro-ate-a-praia-de-faro-com-ou-sem-prancha\/\" \/>\n\t<meta name=\"generator\" content=\"All in One SEO (AIOSEO) 5.0.1.1\" \/>\n\t\t<meta property=\"og:locale\" content=\"pt_PT\" \/>\n\t\t<meta property=\"og:site_name\" content=\"Faro Surf Rentals - Surf Rental Faro, Portugal\" \/>\n\t\t<meta property=\"og:type\" content=\"article\" \/>\n\t\t<meta property=\"og:title\" content=\"Do Aeroporto de Faro at\u00e9 \u00e0 Praia de Faro: autocarro, t\u00e1xi e pranchas\" \/>\n\t\t<meta property=\"og:description\" content=\"A Praia de Faro fica a menos de 4 km do Aeroporto de Faro. A linha de autocarro 16, os pre\u00e7os dos t\u00e1xis e do Uber, os tempos de percurso a p\u00e9 e o que funciona mesmo quando se leva uma prancha de surf.\" \/>\n\t\t<meta property=\"og:url\" content=\"https:\/\/farosurfrentals.com\/pt-pt\/blog\/como-ir-do-aeroporto-de-faro-ate-a-praia-de-faro-com-ou-sem-prancha\/\" \/>\n\t\t<meta property=\"og:image\" content=\"https:\/\/farosurfrentals.com\/wp-content\/uploads\/2021\/03\/cropped-Logo-long-01.png\" \/>\n\t\t<meta property=\"og:image:secure_url\" content=\"https:\/\/farosurfrentals.com\/wp-content\/uploads\/2021\/03\/cropped-Logo-long-01.png\" \/>\n\t\t<meta property=\"og:image:width\" content=\"576\" \/>\n\t\t<meta property=\"og:image:height\" content=\"499\" \/>\n\t\t<meta property=\"article:published_time\" content=\"2026-08-10T07:41:48+00:00\" \/>\n\t\t<meta property=\"article:modified_time\" content=\"2026-08-10T07:41:48+00:00\" \/>\n\t\t<meta name=\"twitter:card\" content=\"summary_large_image\" \/>\n\t\t<meta name=\"twitter:title\" content=\"Do Aeroporto de Faro at\u00e9 \u00e0 Praia de Faro: autocarro, t\u00e1xi e pranchas\" \/>\n\t\t<meta name=\"twitter:description\" content=\"A Praia de Faro fica a menos de 4 km do Aeroporto de Faro. A linha de autocarro 16, os pre\u00e7os dos t\u00e1xis e do Uber, os tempos de percurso a p\u00e9 e o que funciona mesmo quando se leva uma prancha de surf.\" \/>\n\t\t<meta name=\"twitter:image\" content=\"https:\/\/farosurfrentals.com\/wp-content\/uploads\/2021\/03\/cropped-Logo-long-01.png\" \/>\n\t\t<script type=\"application\/ld+json\" class=\"aioseo-schema\">\n\t\t\t{\"@context\":\"https:\\\/\\\/schema.org\",\"@graph\":[{\"@type\":\"BlogPosting\",\"@id\":\"https:\\\/\\\/farosurfrentals.com\\\/pt-pt\\\/blog\\\/como-ir-do-aeroporto-de-faro-ate-a-praia-de-faro-com-ou-sem-prancha\\\/#blogposting\",\"name\":\"Do Aeroporto de Faro at\\u00e9 \\u00e0 Praia de Faro: autocarro, t\\u00e1xi e pranchas\",\"headline\":\"Como ir do Aeroporto de Faro at\\u00e9 \\u00e0 Praia de Faro, com ou sem prancha\",\"author\":{\"@id\":\"https:\\\/\\\/farosurfrentals.com\\\/pt-pt\\\/blog\\\/author\\\/farosurfrentals\\\/#author\"},\"publisher\":{\"@id\":\"https:\\\/\\\/farosurfrentals.com\\\/pt-pt\\\/#organization\"},\"image\":{\"@type\":\"ImageObject\",\"url\":\"https:\\\/\\\/farosurfrentals.com\\\/wp-content\\\/uploads\\\/2021\\\/03\\\/cropped-Logo-long-01.png\",\"@id\":\"https:\\\/\\\/farosurfrentals.com\\\/pt-pt\\\/#articleImage\",\"width\":576,\"height\":499,\"caption\":\"Faro surf rentals logo2\"},\"datePublished\":\"2026-08-10T07:41:48+00:00\",\"dateModified\":\"2026-08-10T07:41:48+00:00\",\"inLanguage\":\"pt-PT\",\"mainEntityOfPage\":{\"@id\":\"https:\\\/\\\/farosurfrentals.com\\\/pt-pt\\\/blog\\\/como-ir-do-aeroporto-de-faro-ate-a-praia-de-faro-com-ou-sem-prancha\\\/#webpage\"},\"isPartOf\":{\"@id\":\"https:\\\/\\\/farosurfrentals.com\\\/pt-pt\\\/blog\\\/como-ir-do-aeroporto-de-faro-ate-a-praia-de-faro-com-ou-sem-prancha\\\/#webpage\"},\"articleSection\":\"Sem categoria\"},{\"@type\":\"BreadcrumbList\",\"@id\":\"https:\\\/\\\/farosurfrentals.com\\\/pt-pt\\\/blog\\\/como-ir-do-aeroporto-de-faro-ate-a-praia-de-faro-com-ou-sem-prancha\\\/#breadcrumblist\",\"itemListElement\":[{\"@type\":\"ListItem\",\"@id\":\"https:\\\/\\\/farosurfrentals.com\\\/pt-pt\\\/#listItem\",\"position\":1,\"name\":\"Home\",\"item\":\"https:\\\/\\\/farosurfrentals.com\\\/pt-pt\\\/\",\"nextItem\":{\"@type\":\"ListItem\",\"@id\":\"https:\\\/\\\/farosurfrentals.com\\\/pt-pt\\\/blog\\\/category\\\/sem-categoria\\\/#listItem\",\"name\":\"Sem categoria\"}},{\"@type\":\"ListItem\",\"@id\":\"https:\\\/\\\/farosurfrentals.com\\\/pt-pt\\\/blog\\\/category\\\/sem-categoria\\\/#listItem\",\"position\":2,\"name\":\"Sem categoria\",\"item\":\"https:\\\/\\\/farosurfrentals.com\\\/pt-pt\\\/blog\\\/category\\\/sem-categoria\\\/\",\"nextItem\":{\"@type\":\"ListItem\",\"@id\":\"https:\\\/\\\/farosurfrentals.com\\\/pt-pt\\\/blog\\\/como-ir-do-aeroporto-de-faro-ate-a-praia-de-faro-com-ou-sem-prancha\\\/#listItem\",\"name\":\"Como ir do Aeroporto de Faro at\\u00e9 \\u00e0 Praia de Faro, com ou sem prancha\"},\"previousItem\":{\"@type\":\"ListItem\",\"@id\":\"https:\\\/\\\/farosurfrentals.com\\\/pt-pt\\\/#listItem\",\"name\":\"Home\"}},{\"@type\":\"ListItem\",\"@id\":\"https:\\\/\\\/farosurfrentals.com\\\/pt-pt\\\/blog\\\/como-ir-do-aeroporto-de-faro-ate-a-praia-de-faro-com-ou-sem-prancha\\\/#listItem\",\"position\":3,\"name\":\"Como ir do Aeroporto de Faro at\\u00e9 \\u00e0 Praia de Faro, com ou sem prancha\",\"previousItem\":{\"@type\":\"ListItem\",\"@id\":\"https:\\\/\\\/farosurfrentals.com\\\/pt-pt\\\/blog\\\/category\\\/sem-categoria\\\/#listItem\",\"name\":\"Sem categoria\"}}]},{\"@type\":\"Organization\",\"@id\":\"https:\\\/\\\/farosurfrentals.com\\\/pt-pt\\\/#organization\",\"name\":\"Faro Surf Rentals\",\"description\":\"Surf Rental Faro, Portugal\",\"url\":\"https:\\\/\\\/farosurfrentals.com\\\/pt-pt\\\/\",\"logo\":{\"@type\":\"ImageObject\",\"url\":\"https:\\\/\\\/farosurfrentals.com\\\/wp-content\\\/uploads\\\/2021\\\/03\\\/cropped-Logo-long-01.png\",\"@id\":\"https:\\\/\\\/farosurfrentals.com\\\/pt-pt\\\/blog\\\/como-ir-do-aeroporto-de-faro-ate-a-praia-de-faro-com-ou-sem-prancha\\\/#organizationLogo\",\"width\":576,\"height\":499,\"caption\":\"Faro surf rentals logo2\"},\"image\":{\"@id\":\"https:\\\/\\\/farosurfrentals.com\\\/pt-pt\\\/blog\\\/como-ir-do-aeroporto-de-faro-ate-a-praia-de-faro-com-ou-sem-prancha\\\/#organizationLogo\"}},{\"@type\":\"Person\",\"@id\":\"https:\\\/\\\/farosurfrentals.com\\\/pt-pt\\\/blog\\\/author\\\/farosurfrentals\\\/#author\",\"url\":\"https:\\\/\\\/farosurfrentals.com\\\/pt-pt\\\/blog\\\/author\\\/farosurfrentals\\\/\",\"name\":\"farosurfrentals\",\"image\":{\"@type\":\"ImageObject\",\"@id\":\"https:\\\/\\\/farosurfrentals.com\\\/pt-pt\\\/blog\\\/como-ir-do-aeroporto-de-faro-ate-a-praia-de-faro-com-ou-sem-prancha\\\/#authorImage\",\"url\":\"https:\\\/\\\/secure.gravatar.com\\\/avatar\\\/85bae6fc56dc55da370805c1d796909c96c92bfb2f343f64537c281e45724747?s=96&d=mm&r=g\",\"width\":96,\"height\":96,\"caption\":\"farosurfrentals\"}},{\"@type\":\"WebPage\",\"@id\":\"https:\\\/\\\/farosurfrentals.com\\\/pt-pt\\\/blog\\\/como-ir-do-aeroporto-de-faro-ate-a-praia-de-faro-com-ou-sem-prancha\\\/#webpage\",\"url\":\"https:\\\/\\\/farosurfrentals.com\\\/pt-pt\\\/blog\\\/como-ir-do-aeroporto-de-faro-ate-a-praia-de-faro-com-ou-sem-prancha\\\/\",\"name\":\"Do Aeroporto de Faro at\\u00e9 \\u00e0 Praia de Faro: autocarro, t\\u00e1xi e pranchas\",\"description\":\"A Praia de Faro fica a menos de 4 km do Aeroporto de Faro. A linha de autocarro 16, os pre\\u00e7os dos t\\u00e1xis e do Uber, os tempos de percurso a p\\u00e9 e o que funciona mesmo quando se leva uma prancha de surf.\",\"inLanguage\":\"pt-PT\",\"isPartOf\":{\"@id\":\"https:\\\/\\\/farosurfrentals.com\\\/pt-pt\\\/#website\"},\"breadcrumb\":{\"@id\":\"https:\\\/\\\/farosurfrentals.com\\\/pt-pt\\\/blog\\\/como-ir-do-aeroporto-de-faro-ate-a-praia-de-faro-com-ou-sem-prancha\\\/#breadcrumblist\"},\"author\":{\"@id\":\"https:\\\/\\\/farosurfrentals.com\\\/pt-pt\\\/blog\\\/author\\\/farosurfrentals\\\/#author\"},\"creator\":{\"@id\":\"https:\\\/\\\/farosurfrentals.com\\\/pt-pt\\\/blog\\\/author\\\/farosurfrentals\\\/#author\"},\"datePublished\":\"2026-08-10T07:41:48+00:00\",\"dateModified\":\"2026-08-10T07:41:48+00:00\"},{\"@type\":\"WebSite\",\"@id\":\"https:\\\/\\\/farosurfrentals.com\\\/pt-pt\\\/#website\",\"url\":\"https:\\\/\\\/farosurfrentals.com\\\/pt-pt\\\/\",\"name\":\"Faro Surf Rentals\",\"description\":\"Surf Rental Faro, Portugal\",\"inLanguage\":\"pt-PT\",\"publisher\":{\"@id\":\"https:\\\/\\\/farosurfrentals.com\\\/pt-pt\\\/#organization\"}}]}\n\t\t<\/script>\n\t\t<!-- All in One SEO -->\n\n","aioseo_head_json":{"title":"Do Aeroporto de Faro at\u00e9 \u00e0 Praia de Faro: autocarro, t\u00e1xi e pranchas","description":"A Praia de Faro fica a menos de 4 km do Aeroporto de Faro. A linha de autocarro 16, os pre\u00e7os dos t\u00e1xis e do Uber, os tempos de percurso a p\u00e9 e o que funciona mesmo quando se leva uma prancha de surf.","canonical_url":"https:\/\/farosurfrentals.com\/pt-pt\/blog\/como-ir-do-aeroporto-de-faro-ate-a-praia-de-faro-com-ou-sem-prancha\/","robots":"max-image-preview:large","keywords":"","webmasterTools":{"miscellaneous":""},"schema":{"@context":"https:\/\/schema.org","@graph":[{"@type":"BlogPosting","@id":"https:\/\/farosurfrentals.com\/pt-pt\/blog\/como-ir-do-aeroporto-de-faro-ate-a-praia-de-faro-com-ou-sem-prancha\/#blogposting","name":"Do Aeroporto de Faro at\u00e9 \u00e0 Praia de Faro: autocarro, t\u00e1xi e pranchas","headline":"Como ir do Aeroporto de Faro at\u00e9 \u00e0 Praia de Faro, com ou sem prancha","author":{"@id":"https:\/\/farosurfrentals.com\/pt-pt\/blog\/author\/farosurfrentals\/#author"},"publisher":{"@id":"https:\/\/farosurfrentals.com\/pt-pt\/#organization"},"image":{"@type":"ImageObject","url":"https:\/\/farosurfrentals.com\/wp-content\/uploads\/2021\/03\/cropped-Logo-long-01.png","@id":"https:\/\/farosurfrentals.com\/pt-pt\/#articleImage","width":576,"height":499,"caption":"Faro surf rentals logo2"},"datePublished":"2026-08-10T07:41:48+00:00","dateModified":"2026-08-10T07:41:48+00:00","inLanguage":"pt-PT","mainEntityOfPage":{"@id":"https:\/\/farosurfrentals.com\/pt-pt\/blog\/como-ir-do-aeroporto-de-faro-ate-a-praia-de-faro-com-ou-sem-prancha\/#webpage"},"isPartOf":{"@id":"https:\/\/farosurfrentals.com\/pt-pt\/blog\/como-ir-do-aeroporto-de-faro-ate-a-praia-de-faro-com-ou-sem-prancha\/#webpage"},"articleSection":"Sem categoria"},{"@type":"BreadcrumbList","@id":"https:\/\/farosurfrentals.com\/pt-pt\/blog\/como-ir-do-aeroporto-de-faro-ate-a-praia-de-faro-com-ou-sem-prancha\/#breadcrumblist","itemListElement":[{"@type":"ListItem","@id":"https:\/\/farosurfrentals.com\/pt-pt\/#listItem","position":1,"name":"Home","item":"https:\/\/farosurfrentals.com\/pt-pt\/","nextItem":{"@type":"ListItem","@id":"https:\/\/farosurfrentals.com\/pt-pt\/blog\/category\/sem-categoria\/#listItem","name":"Sem categoria"}},{"@type":"ListItem","@id":"https:\/\/farosurfrentals.com\/pt-pt\/blog\/category\/sem-categoria\/#listItem","position":2,"name":"Sem categoria","item":"https:\/\/farosurfrentals.com\/pt-pt\/blog\/category\/sem-categoria\/","nextItem":{"@type":"ListItem","@id":"https:\/\/farosurfrentals.com\/pt-pt\/blog\/como-ir-do-aeroporto-de-faro-ate-a-praia-de-faro-com-ou-sem-prancha\/#listItem","name":"Como ir do Aeroporto de Faro at\u00e9 \u00e0 Praia de Faro, com ou sem prancha"},"previousItem":{"@type":"ListItem","@id":"https:\/\/farosurfrentals.com\/pt-pt\/#listItem","name":"Home"}},{"@type":"ListItem","@id":"https:\/\/farosurfrentals.com\/pt-pt\/blog\/como-ir-do-aeroporto-de-faro-ate-a-praia-de-faro-com-ou-sem-prancha\/#listItem","position":3,"name":"Como ir do Aeroporto de Faro at\u00e9 \u00e0 Praia de Faro, com ou sem prancha","previousItem":{"@type":"ListItem","@id":"https:\/\/farosurfrentals.com\/pt-pt\/blog\/category\/sem-categoria\/#listItem","name":"Sem categoria"}}]},{"@type":"Organization","@id":"https:\/\/farosurfrentals.com\/pt-pt\/#organization","name":"Faro Surf Rentals","description":"Surf Rental Faro, Portugal","url":"https:\/\/farosurfrentals.com\/pt-pt\/","logo":{"@type":"ImageObject","url":"https:\/\/farosurfrentals.com\/wp-content\/uploads\/2021\/03\/cropped-Logo-long-01.png","@id":"https:\/\/farosurfrentals.com\/pt-pt\/blog\/como-ir-do-aeroporto-de-faro-ate-a-praia-de-faro-com-ou-sem-prancha\/#organizationLogo","width":576,"height":499,"caption":"Faro surf rentals logo2"},"image":{"@id":"https:\/\/farosurfrentals.com\/pt-pt\/blog\/como-ir-do-aeroporto-de-faro-ate-a-praia-de-faro-com-ou-sem-prancha\/#organizationLogo"}},{"@type":"Person","@id":"https:\/\/farosurfrentals.com\/pt-pt\/blog\/author\/farosurfrentals\/#author","url":"https:\/\/farosurfrentals.com\/pt-pt\/blog\/author\/farosurfrentals\/","name":"farosurfrentals","image":{"@type":"ImageObject","@id":"https:\/\/farosurfrentals.com\/pt-pt\/blog\/como-ir-do-aeroporto-de-faro-ate-a-praia-de-faro-com-ou-sem-prancha\/#authorImage","url":"https:\/\/secure.gravatar.com\/avatar\/85bae6fc56dc55da370805c1d796909c96c92bfb2f343f64537c281e45724747?s=96&d=mm&r=g","width":96,"height":96,"caption":"farosurfrentals"}},{"@type":"WebPage","@id":"https:\/\/farosurfrentals.com\/pt-pt\/blog\/como-ir-do-aeroporto-de-faro-ate-a-praia-de-faro-com-ou-sem-prancha\/#webpage","url":"https:\/\/farosurfrentals.com\/pt-pt\/blog\/como-ir-do-aeroporto-de-faro-ate-a-praia-de-faro-com-ou-sem-prancha\/","name":"Do Aeroporto de Faro at\u00e9 \u00e0 Praia de Faro: autocarro, t\u00e1xi e pranchas","description":"A Praia de Faro fica a menos de 4 km do Aeroporto de Faro. A linha de autocarro 16, os pre\u00e7os dos t\u00e1xis e do Uber, os tempos de percurso a p\u00e9 e o que funciona mesmo quando se leva uma prancha de surf.","inLanguage":"pt-PT","isPartOf":{"@id":"https:\/\/farosurfrentals.com\/pt-pt\/#website"},"breadcrumb":{"@id":"https:\/\/farosurfrentals.com\/pt-pt\/blog\/como-ir-do-aeroporto-de-faro-ate-a-praia-de-faro-com-ou-sem-prancha\/#breadcrumblist"},"author":{"@id":"https:\/\/farosurfrentals.com\/pt-pt\/blog\/author\/farosurfrentals\/#author"},"creator":{"@id":"https:\/\/farosurfrentals.com\/pt-pt\/blog\/author\/farosurfrentals\/#author"},"datePublished":"2026-08-10T07:41:48+00:00","dateModified":"2026-08-10T07:41:48+00:00"},{"@type":"WebSite","@id":"https:\/\/farosurfrentals.com\/pt-pt\/#website","url":"https:\/\/farosurfrentals.com\/pt-pt\/","name":"Faro Surf Rentals","description":"Surf Rental Faro, Portugal","inLanguage":"pt-PT","publisher":{"@id":"https:\/\/farosurfrentals.com\/pt-pt\/#organization"}}]},"og:locale":"pt_PT","og:site_name":"Faro Surf Rentals - Surf Rental Faro, Portugal","og:type":"article","og:title":"Do Aeroporto de Faro at\u00e9 \u00e0 Praia de Faro: autocarro, t\u00e1xi e pranchas","og:description":"A Praia de Faro fica a menos de 4 km do Aeroporto de Faro. A linha de autocarro 16, os pre\u00e7os dos t\u00e1xis e do Uber, os tempos de percurso a p\u00e9 e o que funciona mesmo quando se leva uma prancha de surf.","og:url":"https:\/\/farosurfrentals.com\/pt-pt\/blog\/como-ir-do-aeroporto-de-faro-ate-a-praia-de-faro-com-ou-sem-prancha\/","og:image":"https:\/\/farosurfrentals.com\/wp-content\/uploads\/2021\/03\/cropped-Logo-long-01.png","og:image:secure_url":"https:\/\/farosurfrentals.com\/wp-content\/uploads\/2021\/03\/cropped-Logo-long-01.png","og:image:width":576,"og:image:height":499,"article:published_time":"2026-08-10T07:41:48+00:00","article:modified_time":"2026-08-10T07:41:48+00:00","twitter:card":"summary_large_image","twitter:title":"Do Aeroporto de Faro at\u00e9 \u00e0 Praia de Faro: autocarro, t\u00e1xi e pranchas","twitter:description":"A Praia de Faro fica a menos de 4 km do Aeroporto de Faro. A linha de autocarro 16, os pre\u00e7os dos t\u00e1xis e do Uber, os tempos de percurso a p\u00e9 e o que funciona mesmo quando se leva uma prancha de surf.","twitter:image":"https:\/\/farosurfrentals.com\/wp-content\/uploads\/2021\/03\/cropped-Logo-long-01.png"},"aioseo_meta_data":{"post_id":"15922","title":"Do Aeroporto de Faro at\u00e9 \u00e0 Praia de Faro: autocarro, t\u00e1xi e pranchas","description":"A Praia de Faro fica a menos de 4 km do Aeroporto de Faro. A linha de autocarro 16, os pre\u00e7os dos t\u00e1xis e do Uber, os tempos de percurso a p\u00e9 e o que funciona mesmo quando se leva uma prancha de surf. ","keywords":null,"keyphrases":{"focus":[],"additional":[]},"primary_term":null,"canonical_url":null,"og_title":null,"og_description":null,"og_object_type":"default","og_image_type":"default","og_image_url":null,"og_image_width":null,"og_image_height":null,"og_image_custom_url":null,"og_image_custom_fields":null,"og_video":"","og_custom_url":null,"og_article_section":null,"og_article_tags":null,"twitter_use_og":false,"twitter_card":"default","twitter_image_type":"default","twitter_image_url":null,"twitter_image_custom_url":null,"twitter_image_custom_fields":null,"twitter_title":null,"twitter_description":null,"schema":{"blockGraphs":[],"customGraphs":[],"default":{"data":{"Article":[],"Course":[],"Dataset":[],"FAQPage":[],"Movie":[],"Person":[],"Product":[],"ProductReview":[],"Car":[],"Recipe":[],"Service":[],"SoftwareApplication":[],"WebPage":[]},"graphName":"BlogPosting","isEnabled":true},"graphs":[]},"schema_type":"default","schema_type_options":null,"pillar_content":false,"robots_default":true,"robots_noindex":false,"robots_noarchive":false,"robots_nosnippet":false,"robots_nofollow":false,"robots_noimageindex":false,"robots_noodp":false,"robots_notranslate":false,"robots_max_snippet":"-1","robots_max_videopreview":"-1","robots_max_imagepreview":"large","priority":null,"frequency":"default","local_seo":null,"breadcrumb_settings":null,"limit_modified_date":false,"ai":{"faqs":[],"keyPoints":[],"schemas":[],"titles":[],"descriptions":[],"socialPosts":{"email":[],"linkedin":[],"twitter":[],"facebook":[],"instagram":[]}},"created":"2026-09-04 10:57:28","updated":"2026-09-04 10:57:28","seo_analyzer_scan_date":null,"focus_keyword":null,"additional_keywords":null,"truseo_locale":null},"aioseo_breadcrumb":"<div class=\"aioseo-breadcrumbs\"><span class=\"aioseo-breadcrumb\">\n\t\t\t<a href=\"https:\/\/farosurfrentals.com\/pt-pt\/\" title=\"Home\">Home<\/a>\n\t\t<\/span><span class=\"aioseo-breadcrumb-separator\">&raquo;<\/span><span class=\"aioseo-breadcrumb\">\n\t\t\t<a href=\"https:\/\/farosurfrentals.com\/pt-pt\/blog\/category\/sem-categoria\/\" title=\"Sem categoria\">Sem categoria<\/a>\n\t\t<\/span><span class=\"aioseo-breadcrumb-separator\">&raquo;<\/span><span class=\"aioseo-breadcrumb\">\n\t\t\tComo ir do Aeroporto de Faro at\u00e9 \u00e0 Praia de Faro, com ou sem prancha\n\t\t<\/span><\/div>","aioseo_breadcrumb_json":[{"label":"Home","link":"https:\/\/farosurfrentals.com\/pt-pt\/"},{"label":"Sem categoria","link":"https:\/\/farosurfrentals.com\/pt-pt\/blog\/category\/sem-categoria\/"},{"label":"Como ir do Aeroporto de Faro at\u00e9 \u00e0 Praia de Faro, com ou sem prancha","link":"https:\/\/farosurfrentals.com\/pt-pt\/blog\/como-ir-do-aeroporto-de-faro-ate-a-praia-de-faro-com-ou-sem-prancha\/"}],"_links":{"self":[{"href":"https:\/\/farosurfrentals.com\/pt-pt\/wp-json\/wp\/v2\/posts\/15922","targetHints":{"allow":["GET"]}}],"collection":[{"href":"https:\/\/farosurfrentals.com\/pt-pt\/wp-json\/wp\/v2\/posts"}],"about":[{"href":"https:\/\/farosurfrentals.com\/pt-pt\/wp-json\/wp\/v2\/types\/post"}],"author":[{"embeddable":true,"href":"https:\/\/farosurfrentals.com\/pt-pt\/wp-json\/wp\/v2\/users\/2"}],"replies":[{"embeddable":true,"href":"https:\/\/farosurfrentals.com\/pt-pt\/wp-json\/wp\/v2\/comments?post=15922"}],"version-history":[{"count":0,"href":"https:\/\/farosurfrentals.com\/pt-pt\/wp-json\/wp\/v2\/posts\/15922\/revisions"}],"wp:attachment":[{"href":"https:\/\/farosurfrentals.com\/pt-pt\/wp-json\/wp\/v2\/media?parent=15922"}],"wp:term":[{"taxonomy":"category","embeddable":true,"href":"https:\/\/farosurfrentals.com\/pt-pt\/wp-json\/wp\/v2\/categories?post=15922"},{"taxonomy":"post_tag","embeddable":true,"href":"https:\/\/farosurfrentals.com\/pt-pt\/wp-json\/wp\/v2\/tags?post=15922"}],"curies":[{"name":"wp","href":"https:\/\/api.w.org\/{rel}","templated":true}]}}