{"id":15932,"date":"2026-08-10T13:19:34","date_gmt":"2026-08-10T13:19:34","guid":{"rendered":"https:\/\/farosurfrentals.com\/blog\/la-location-de-planches-de-surf-a-faro-en-toute-simplicite-retrait-rapide-pres-de-laeroport\/"},"modified":"2026-08-10T13:19:34","modified_gmt":"2026-08-10T13:19:34","slug":"la-location-de-planches-de-surf-a-faro-en-toute-simplicite-retrait-rapide-pres-de-laeroport","status":"publish","type":"post","link":"https:\/\/farosurfrentals.com\/fr\/blog\/la-location-de-planches-de-surf-a-faro-en-toute-simplicite-retrait-rapide-pres-de-laeroport\/","title":{"rendered":"La location de planches de surf \u00e0 Faro en toute simplicit\u00e9 : retrait rapide pr\u00e8s de l&rsquo;a\u00e9roport"},"content":{"rendered":"<p>Vous recherchez des options <strong>de location de planches de surf \u00e0 Faro<\/strong> pour votre s\u00e9jour de surf en Algarve ? Chez Faro Surf Rentals (Ocean Camper), nous vous permettons de r\u00e9cup\u00e9rer facilement une planche de surf ou un bodyboard <strong>juste \u00e0 c\u00f4t\u00e9 de l&rsquo;a\u00e9roport de Faro<\/strong>. Id\u00e9al pour les d\u00e9butants, les surfeurs de niveau interm\u00e9diaire et tous ceux qui souhaitent se lancer rapidement et sans stress dans leur aventure de surf. \u00c0 votre arriv\u00e9e, r\u00e9cup\u00e9rez votre planche et filez directement vers les vagues : c&rsquo;est simple et rapide.   <\/p>\n<figure><img decoding=\"async\" src=\"https:\/\/farosurfrentals.com\/wp-content\/uploads\/2025\/07\/AdobeStock_121880203-min-1024x1024.jpeg\" alt=\"Location d'une planche de surf softboard violette pr\u00e8s de l'a\u00e9roport de Faro\" loading=\"lazy\"><\/figure>\n<h3><strong><img decoding=\"async\" role=\"img\" draggable=\"false\" src=\"https:\/\/s.w.org\/images\/core\/emoji\/16.0.1\/svg\/1f3c4.svg\" alt=\"\ud83c\udfc4\">  Location de planches de surf \u00e0 Faro pour tous les niveaux<\/strong><\/h3>\n<p>Nous proposons des planches de surf stables et adapt\u00e9es aux d\u00e9butants, qui vous aideront \u00e0 apprendre confortablement et en toute s\u00e9curit\u00e9. De plus, toutes les planches sont durables, pratiques et id\u00e9ales pour am\u00e9liorer votre technique lors de vos premi\u00e8res sessions en Algarve. <\/p>\n<h3><strong>Planches souples disponibles<\/strong><\/h3>\n<ul>\n<li><strong>Softboard de 8\u20196<\/strong>, une stabilit\u00e9 maximale pour les d\u00e9butants absolus<\/li>\n<li><strong>Softboard de 8\u20190<\/strong>, id\u00e9al pour les d\u00e9butants classiques<\/li>\n<li><strong>Softboard de 7\u20190<\/strong>, id\u00e9al pour les surfeurs plus l\u00e9gers ou les d\u00e9butants confirm\u00e9s<\/li>\n<\/ul>\n<p>Chaque planche comprend une <strong>laisse<\/strong>, et nous offrons :<\/p>\n<ul>\n<li>location \u00e0 la journ\u00e9e<\/li>\n<li>locations \u00e0 long terme<\/li>\n<li>un excellent rapport qualit\u00e9-prix pour les \u00e9tudiants en surf et les voyageurs<\/li>\n<\/ul>\n<p>Gr\u00e2ce \u00e0 cette flexibilit\u00e9, l&rsquo;organisation de votre <strong>location de planche de surf \u00e0 Faro<\/strong> devient tr\u00e8s pratique.<\/p>\n<figure><img decoding=\"async\" src=\"https:\/\/farosurfrentals.com\/wp-content\/uploads\/2025\/07\/AdobeStock_248035224-min-1024x683.jpeg\" alt=\"Surfeur sur une vague en Algarve\" loading=\"lazy\"><\/figure>\n<figure><img decoding=\"async\" src=\"https:\/\/farosurfrentals.com\/wp-content\/uploads\/2025\/07\/AdobeStock_323845686-min-1024x697.jpeg\" alt=\"Un bodyboarder sur une vague turquoise en Algarve\" loading=\"lazy\"><\/figure>\n<h3><strong><img decoding=\"async\" draggable=\"false\" role=\"img\" alt=\"\ud83c\udfc4\u200d\u2642\ufe0f\" src=\"https:\/\/s.w.org\/images\/core\/emoji\/17.0.2\/svg\/1f3c4-200d-2642-fe0f.svg\">  Location de bodyboards \u00e0 Faro : des kits complets pr\u00eats \u00e0 l&#8217;emploi<\/strong><\/h3>\n<p>Outre les planches de surf, nous proposons \u00e9galement<a href=\"https:\/\/farosurfrentals.com\/fr\/louer-bodyboard-faro-portugal\/\" target=\"_blank\" rel=\"noopener\"> <strong>des bodyboards de 42 pouces<\/strong><\/a> qui conviennent \u00e0 des personnes pesant jusqu&rsquo;\u00e0 85 kg.<\/p>\n<p><strong>Chaque location de bodyboard comprend<\/strong><\/p>\n<ul>\n<li>Bodyboard<\/li>\n<li>Palmes<\/li>\n<li>Chaussettes en n\u00e9opr\u00e8ne<\/li>\n<li>Laisse<\/li>\n<\/ul>\n<p><img decoding=\"async\" draggable=\"false\" role=\"img\" alt=\"\ud83d\udc49\" src=\"https:\/\/s.w.org\/images\/core\/emoji\/17.0.2\/svg\/1f449.svg\">  Lors de votre r\u00e9servation, il vous suffit d&rsquo;indiquer votre pointure afin que nous puissions vous fournir les palmes adapt\u00e9es.<\/p>\n<figure><img decoding=\"async\" src=\"https:\/\/farosurfrentals.com\/wp-content\/uploads\/2021\/04\/Body-board-1024x767.jpeg\" alt=\"Bodyboard bleu avec palmes sur la plage de Faro, Algarve\" loading=\"lazy\"><\/figure>\n<h2><img decoding=\"async\" draggable=\"false\" role=\"img\" alt=\"\ud83c\udf0a\" src=\"https:\/\/s.w.org\/images\/core\/emoji\/17.0.2\/svg\/1f30a.svg\">  Le surf en Algarve : ne manquez pas les meilleures vagues<\/h2>\n<figure><img decoding=\"async\" src=\"https:\/\/farosurfrentals.com\/wp-content\/uploads\/2023\/02\/amado_beach-min.jpg\" alt=\"Plage d'Amado Algarve avec vagues et falaises\" loading=\"lazy\"><\/figure>\n<p>Le littoral de l&rsquo;Algarve offre un large \u00e9ventail de conditions de surf. C&rsquo;est pourquoi nous vous recommandons de v\u00e9rifier les pr\u00e9visions avant de choisir votre plage. <\/p>\n<h4><strong><img decoding=\"async\" draggable=\"false\" role=\"img\" alt=\"\ud83d\udce1\" src=\"https:\/\/s.w.org\/images\/core\/emoji\/17.0.2\/svg\/1f4e1.svg\">  Outils de pr\u00e9visions de surf<\/strong><\/h4>\n<ul>\n<li><strong>Surf-Forecast.com<\/strong>, un aper\u00e7u visuel simple de la taille des vagues, de leur p\u00e9riode et des conditions<\/li>\n<li><strong>Windy.com<\/strong>, cartes d\u00e9taill\u00e9es du vent et de la houle (id\u00e9ales pour les surfeurs plus exp\u00e9riment\u00e9s)<\/li>\n<\/ul>\n<h4><strong><img decoding=\"async\" draggable=\"false\" role=\"img\" alt=\"\ud83d\udc4d\" src=\"https:\/\/s.w.org\/images\/core\/emoji\/17.0.2\/svg\/1f44d.svg\">  Conseils de s\u00e9curit\u00e9 pour les d\u00e9butants<\/strong><\/h4>\n<ul>\n<li>\u00c9vitez de surfer compl\u00e8tement seul, surtout sur des plages que vous ne connaissez pas.<\/li>\n<li>Ne sortez pas par grosses vagues<\/li>\n<li>Regardez quelques tutoriels sur YouTube, notamment ceux qui expliquent comment tomber et sortir d&rsquo;une vague en toute s\u00e9curit\u00e9<\/li>\n<\/ul>\n<figure><img decoding=\"async\" src=\"https:\/\/farosurfrentals.com\/wp-content\/uploads\/2021\/03\/surf-boards.jpg\" alt=\"Des planches de surf de location align\u00e9es sur la plage de Faro, en Algarve\" loading=\"lazy\"><\/figure>\n<h2><img decoding=\"async\" draggable=\"false\" role=\"img\" alt=\"\ud83c\udfd6\" src=\"https:\/\/s.w.org\/images\/core\/emoji\/17.0.2\/svg\/1f3d6.svg\">  Les meilleures plages de surf de l&rsquo;Algarve<\/h2>\n<p>Vous trouverez ci-dessous une s\u00e9lection des meilleurs spots de surf de l&rsquo;Algarve, des plages adapt\u00e9es aux d\u00e9butants aux spots puissants de la c\u00f4te ouest.<\/p>\n<h4><a href=\"https:\/\/www.google.pt\/maps\/place\/Praia+do+Zavial\/@37.0450163,-8.8768104,15z\/data=!3m1!4b1!4m5!3m4!1s0xd1b4a25e79eda4d:0x22cbfdb4958b27a9!8m2!3d37.045!4d-8.8680556\" target=\"_blank\" rel=\"noopener\"><strong>1. Praia do Zavial (c\u00f4te sud)<\/strong><\/a><\/h4>\n<p><strong>Id\u00e9al pour :<\/strong> les surfeurs de niveau interm\u00e9diaire, les adeptes du longboard les jours o\u00f9 les vagues sont plus douces<br \/><strong>Type de vagues :<\/strong> droites\/gauches nettes, fonctionne bien avec les houles du sud-ouest\/sud-est<br \/><strong>Pourquoi c\u2019est g\u00e9nial :<\/strong> une alternative parfaite lorsque les vagues sont trop grosses sur la c\u00f4te ouest.<br \/><strong>Dangers :<\/strong> rochers \u00e0 gauche ; respectez les locaux<br \/><strong>Ambiance :<\/strong> d\u00e9contract\u00e9e, petit parking, magnifiques falaises<\/p>\n<h4><a href=\"https:\/\/goo.gl\/maps\/ywR4Xj6qxAGc8Phb6\" target=\"_blank\" rel=\"noopener\"><strong>2. Praia da Mareta : Sagres (c\u00f4te sud)<\/strong><\/a><\/h4>\n<p><strong>Id\u00e9al pour :<\/strong> les d\u00e9butants et les surfeurs sur softboard<br \/><strong>Type de vagues :<\/strong> vagues douces et roulantes<br \/><strong>Pourquoi c\u2019est g\u00e9nial :<\/strong> tr\u00e8s bien prot\u00e9g\u00e9 des vents forts du nord-ouest<br \/><strong>Risques :<\/strong> courants occasionnels \u00e0 mi-mar\u00e9e<br \/><strong>Ambiance :<\/strong> tr\u00e8s fr\u00e9quent\u00e9 ; caf\u00e9s et parking \u00e0 proximit\u00e9<\/p>\n<h4><a href=\"https:\/\/goo.gl\/maps\/aMXqdxGkPjtx6zKQA\" target=\"_blank\" rel=\"noopener\"><strong>3. Praia do Tonel : Sagres (exposition vers la c\u00f4te ouest)<\/strong><\/a><\/h4>\n<p><strong>Id\u00e9al pour :<\/strong> les surfeurs de niveau interm\u00e9diaire \u00e0 avanc\u00e9<br \/><strong>Type de vague :<\/strong> beach break puissant et rapide<br \/><strong>Pourquoi c&rsquo;est g\u00e9nial :<\/strong> une houle r\u00e9guli\u00e8re presque toute l&rsquo;ann\u00e9e<br \/><strong>Risques :<\/strong> rochers et courants de retour puissants les jours de grosses vagues<br \/><strong>Ambiance :<\/strong> l&rsquo;\u00e9nergie embl\u00e9matique de Sagres, de magnifiques falaises<\/p>\n<h4><a href=\"https:\/\/goo.gl\/maps\/X7WBw381v8wsqXDF6\" target=\"_blank\" rel=\"noopener\"><strong>4. Praia de Beliche<\/strong><\/a><\/h4>\n<p><strong>Id\u00e9al pour :<\/strong> les adeptes du bodyboard et les surfeurs de niveau interm\u00e9diaire<br \/><strong>Type de vagues :<\/strong> vagues creuses et rapides lorsque la houle arrive sous le bon angle<br \/><strong>Pourquoi c\u2019est un spot exceptionnel :<\/strong> un amphith\u00e9\u00e2tre naturel offrant un abri contre le vent<br \/><strong>Risques :<\/strong> acc\u00e8s escarp\u00e9, shorebreak puissant<br \/><strong>Ambiance :<\/strong> paysages spectaculaires, eau cristalline<\/p>\n<h4><a href=\"https:\/\/goo.gl\/maps\/Sy29ckSn2TSVtK8U7\" target=\"_blank\" rel=\"noopener\"><strong>5. Ponta Ruiva (c\u00f4te ouest)<\/strong><\/a><\/h4>\n<p><strong>Id\u00e9al pour :<\/strong> les surfeurs confirm\u00e9s<br \/><strong>Type de vagues :<\/strong> longues vagues gauches et pics puissants<br \/><strong>Pourquoi c&rsquo;est g\u00e9nial :<\/strong> sauvage, isol\u00e9, presque toujours praticable<br \/><strong>Risques :<\/strong> rochers, long chemin de terre, courants tr\u00e8s forts<br \/><strong>Ambiance :<\/strong> nature pr\u00e9serv\u00e9e, v\u00e9ritable sentiment d&rsquo;aventure de surf<\/p>\n<h4><a href=\"https:\/\/goo.gl\/maps\/VsoqHe4RAoMmcqFV7\" target=\"_blank\" rel=\"noopener\"><strong>6. Praia do Amado (c\u00f4te ouest)<\/strong><\/a><\/h4>\n<p><strong>Id\u00e9al pour :<\/strong> cours pour d\u00e9butants + surfeurs confirm\u00e9s<br \/><strong>Type de vagues :<\/strong> pics r\u00e9guliers sur toute la longueur de la plage<br \/><strong>Pourquoi c&rsquo;est g\u00e9nial :<\/strong> l&rsquo;une des plages les plus fiables de l&rsquo;Algarve<br \/><strong>Risques :<\/strong> affluence, forts courants de retour en cas de forte houle<br \/><strong>Ambiance :<\/strong> \u00e9coles de surf, camionnettes et culture du surf partout<\/p>\n<h4><a href=\"https:\/\/goo.gl\/maps\/a2w9e1Ls7D4G11Xf8\" target=\"_blank\" rel=\"noopener\"><strong>7. Arrifana (c\u00f4te ouest)<\/strong><\/a><\/h4>\n<p><strong>Id\u00e9al pour :<\/strong> tous les niveaux (selon les conditions)<br \/><strong>Type de vague :<\/strong> long point break droit lorsqu\u2019il s\u2019aligne<br \/><strong>Pourquoi c\u2019est g\u00e9nial :<\/strong> l\u2019une des vagues les plus appr\u00e9ci\u00e9es d\u2019Europe<br \/><strong>Risques :<\/strong> affluence, falaises, forts courants les jours de grosses vagues<br \/><strong>Ambiance :<\/strong> ambiance de petit village ; magie du coucher de soleil<\/p>\n<h4><a href=\"https:\/\/goo.gl\/maps\/ezuvtLdwCaG6bH2h8\" target=\"_blank\" rel=\"noopener\"><strong>8. Praia de Faro (pr\u00e8s de l&rsquo;a\u00e9roport de Faro !)<\/strong><\/a><\/h4>\n<p><strong>Id\u00e9al pour :<\/strong> d\u00e9butants et surfeurs de niveau interm\u00e9diaire (automne, printemps)<br \/><strong>Type de vagues :<\/strong> beach break<br \/><strong>Pourquoi c&rsquo;est un spot exceptionnel :<\/strong> tr\u00e8s proche de Faro, surfable lors des houles hivernales<br \/><strong>Risques :<\/strong> apr\u00e8s-midis venteux, la mar\u00e9e influence la qualit\u00e9 des vagues<br \/><strong>Ambiance :<\/strong> caf\u00e9s, longue plage de sable, vue sur la lagune<\/p>\n<h4><a href=\"https:\/\/maps.app.goo.gl\/t8dLwHhj3EwRU9gx8\" target=\"_blank\" rel=\"noopener\"><strong>9. Castelejo : Vila do Bispo (c\u00f4te ouest)<\/strong><\/a><\/h4>\n<p><strong>Id\u00e9al pour :<\/strong> les surfeurs de niveau interm\u00e9diaire et les d\u00e9butants audacieux lors des journ\u00e9es de petite houle<br \/><strong>Type de vague :<\/strong> beach break r\u00e9gulier avec plusieurs pics<br \/><strong>Pourquoi c&rsquo;est g\u00e9nial :<\/strong> un cadre naturel magnifique et une houle fiable m\u00eame lorsque les autres plages sont calmes<br \/><strong>Dangers :<\/strong> forts courants de retour lors des grosses houles ; zones rocheuses \u00e0 mar\u00e9e basse<br \/><strong>Ambiance :<\/strong> calme, pittoresque, entour\u00e9 de falaises spectaculaires et de sentiers de randonn\u00e9e<\/p>\n<p>&nbsp;<\/p>\n<h2><img decoding=\"async\" draggable=\"false\" role=\"img\" alt=\"\ud83d\ude90\" src=\"https:\/\/s.w.org\/images\/core\/emoji\/17.0.2\/svg\/1f690.svg\">  Vous souhaitez faire du surf avec un petit camping-car ? Voici comment vous y prendre <\/h2>\n<blockquote>\n<p>Voyager en Algarve avec un camping-car, un motorhome ou un mini-camper est tr\u00e8s pratique. La r\u00e9gion offre de nombreuses aires de services, aires de camping-cars et campings, qui proposent tous des douches, des toilettes, de l&rsquo;eau douce et un syst\u00e8me d&rsquo;\u00e9vacuation des eaux grises. De plus, la plupart de ces installations sont situ\u00e9es \u00e0 proximit\u00e9 des principales plages de surf. Les petits camping-cars permettent \u00e9galement de se garer plus facilement et d&rsquo;explorer le littoral avec plus de souplesse.   <\/p>\n<\/blockquote>\n<h2>Comment r\u00e9cup\u00e9rer votre planche de surf \u00e0 l&rsquo;a\u00e9roport de Faro ?<\/h2>\n<blockquote>\n<p>La r\u00e9cup\u00e9ration de votre planche de surf est rapide et simple. Notre point de ramassage est situ\u00e9 pr\u00e8s de l&rsquo;a\u00e9roport de Faro, ce qui signifie que vous pouvez r\u00e9cup\u00e9rer votre mat\u00e9riel de location quelques minutes seulement apr\u00e8s votre arriv\u00e9e. Cela vous permet d&rsquo;atteindre rapidement le spot de surf le plus proche et de commencer votre session sans attendre.  <\/p>\n<\/blockquote>\n<h2>Pourquoi nous choisir pour la location de planches de surf \u00e0 Faro<\/h2>\n<blockquote>\n<ul>\n<li>Prise en charge rapide \u00e0 l&rsquo;a\u00e9roport<\/li>\n<li>Des prix abordables<\/li>\n<li>Planches adapt\u00e9es aux d\u00e9butants<\/li>\n<li>Jeux de bodyboard disponibles<\/li>\n<li>Recommandations pour les plages locales<\/li>\n<\/ul>\n<\/blockquote>\n<h2><img decoding=\"async\" draggable=\"false\" role=\"img\" alt=\"\ud83c\udfc1\" src=\"https:\/\/s.w.org\/images\/core\/emoji\/17.0.2\/svg\/1f3c1.svg\">R\u00e9servez d\u00e8s aujourd&rsquo;hui votre location de planche de surf \u00e0 Faro<\/h2>\n<blockquote>\n<p>Votre road trip de surf en Algarve commence ici : venez r\u00e9cup\u00e9rer votre planche pr\u00e8s de l&rsquo;a\u00e9roport de Faro et profitez des vagues.<\/p>\n<p><img decoding=\"async\" draggable=\"false\" role=\"img\" alt=\"\ud83d\udc49\" src=\"https:\/\/s.w.org\/images\/core\/emoji\/17.0.2\/svg\/1f449.svg\"> <strong>R\u00e9servez d\u00e8s maintenant votre planche de surf ou votre bodyboard<\/strong><br \/><img decoding=\"async\" draggable=\"false\" role=\"img\" alt=\"\ud83d\udc49\" src=\"https:\/\/s.w.org\/images\/core\/emoji\/17.0.2\/svg\/1f449.svg\"\/> <strong>Des prix abordables pour les d\u00e9butants et les surfeurs de niveau interm\u00e9diaire<\/strong><br \/><img decoding=\"async\" draggable=\"false\" role=\"img\" alt=\"\ud83d\udc49\" src=\"https:\/\/s.w.org\/images\/core\/emoji\/17.0.2\/svg\/1f449.svg\"\/> <strong>Retrait rapide pr\u00e8s de l&rsquo;a\u00e9roport de Faro<\/strong><br \/><img decoding=\"async\" draggable=\"false\" role=\"img\" alt=\"\ud83d\udc49\" src=\"https:\/\/s.w.org\/images\/core\/emoji\/17.0.2\/svg\/1f449.svg\"\/> <strong>Id\u00e9al pour vos s\u00e9jours de surf dans toute l&rsquo;Algarve<\/strong><\/p>\n<\/blockquote>\n<h2>FAQ : Location de planches de surf \u00e0 Faro<\/h2>\n<blockquote><p><strong>1. O\u00f9 puis-je r\u00e9cup\u00e9rer ma location de planche de surf \u00e0 Faro ?<\/strong><\/p>\n<p>Vous pouvez r\u00e9cup\u00e9rer votre planche de surf ou votre bodyboard \u00e0 proximit\u00e9 de l&rsquo;a\u00e9roport de Faro. Apr\u00e8s la r\u00e9servation, nous vous envoyons des instructions claires et une heure de ramassage, afin que vous puissiez r\u00e9cup\u00e9rer votre \u00e9quipement quelques minutes apr\u00e8s l&rsquo;atterrissage. <\/p>\n<p><strong>2. Proposez-vous la location de planches de surf \u00e0 Faro pour les d\u00e9butants ?<\/strong><\/p>\n<p>Bien s\u00fbr, nous le faisons. La plupart de nos planches sont des planches souples con\u00e7ues sp\u00e9cialement pour les d\u00e9butants et les interm\u00e9diaires. En fait, nous proposons des planches souples de 8&rsquo;6, 8&rsquo;0 et 7&rsquo;0 qui sont stables, s\u00fbres et tr\u00e8s faciles \u00e0 apprendre.  <\/p>\n<p><strong>3. Dois-je apporter un leash ou des palmes lorsque je loue une planche ?<\/strong><\/p>\n<p>Non, vous n&rsquo;avez pas besoin d&rsquo;apporter d&rsquo;\u00e9quipement. Chaque planche de surf lou\u00e9e comprend un leash, tandis que chaque bodyboard lou\u00e9 est livr\u00e9 avec des palmes, des chaussettes en n\u00e9opr\u00e8ne et un leash enti\u00e8rement pr\u00e9par\u00e9s pour vous. <\/p>\n<p><strong>4. Puis-je \u00e9galement louer un bodyboard \u00e0 Faro ?<\/strong><\/p>\n<p>Absolument. Outre les planches de surf, nous proposons \u00e9galement la location de bodyboards \u00e0 Faro. Nous mettons \u00e0 votre disposition des bodyboards de 42 pouces adapt\u00e9s aux personnes pesant jusqu&rsquo;\u00e0 85 kg environ, ainsi que des palmes, des chaussettes et un leash.  <\/p>\n<p><strong>5. Combien de temps puis-je garder la planche de surf lou\u00e9e \u00e0 Faro ?<\/strong><\/p>\n<p>Vous pouvez louer une planche pour une journ\u00e9e ou pour plusieurs jours, selon votre plan. Nous proposons \u00e0 la fois des locations \u00e0 la journ\u00e9e et des locations \u00e0 long terme, ce qui vous permet de garder la planche pendant toute la dur\u00e9e de votre surf trip en Algarve. <\/p>\n<p><strong>6. Quelles plages de surf recommandez-vous pr\u00e8s de Faro et en Algarve ?<\/strong><\/p>\n<p>Pour une session rapide pr\u00e8s de la ville, Praia de Faro est une bonne option en automne et en hiver. Pour des vagues plus fiables, nous vous conseillons Amado, Arrifana, Zavial, Tonel, Beliche et Castelejo. Ces plages fonctionnent bien en fonction de votre niveau et des pr\u00e9visions journali\u00e8res de surf.  <\/p>\n<p><strong>7. Puis-je utiliser vos planches de surf si je voyage avec un camping-car ou une caravane ?<\/strong><\/p>\n<p>Bien s\u00fbr. De nombreux clients qui choisissent la location de planches de surf \u00e0 Faro parcourent l&rsquo;Algarve avec un camping-car, un motorhome ou un mini-camper. Vous pouvez r\u00e9cup\u00e9rer votre planche pr\u00e8s de l&rsquo;a\u00e9roport et s\u00e9journer dans les aires de service ASA, les aires de camping-cars ou les campings proches des principales plages de surf.  <\/p>\n<p><strong>8. Ai-je besoin d&rsquo;une combinaison pour louer une planche de surf \u00e0 Faro ?<\/strong><\/p>\n<p>Pendant la majeure partie de l&rsquo;ann\u00e9e, notamment en automne, en hiver et au printemps, il est recommand\u00e9 de porter une combinaison pour plus de confort. En \u00e9t\u00e9, certaines journ\u00e9es sont suffisamment chaudes pour surfer sans combinaison ; toutefois, de nombreux surfeurs pr\u00e9f\u00e8rent tout de m\u00eame enfiler une combinaison l\u00e9g\u00e8re pour les sessions plus longues. <\/p>\n<\/blockquote>\n<h2>Lire la suite<\/h2>\n<ul>\n<li><a href=\"https:\/\/farosurfrentals.com\/fr\/blog\/le-surf-en-algarve-pour-les-debutants-quelle-cote-choisir-selon-la-saison\/\">Le surf en Algarve pour les d\u00e9butants : quelle c\u00f4te choisir selon la saison ?<\/a><\/li>\n<li><a href=\"https:\/\/farosurfrentals.com\/fr\/blog\/quelle-combinaison-vous-faut-il-en-algarve-mois-par-mois\/\">Quelle combinaison vous faut-il en Algarve, mois par mois ?<\/a><\/li>\n<li><a href=\"https:\/\/farosurfrentals.com\/fr\/blog\/prendre-lavion-pour-faro-avec-une-planche-de-surf-combien-cela-coute-t-il-et-dans-quels-cas-est-il-plus-avantageux-de-la-louer\/\">Prendre l&rsquo;avion pour Faro avec une planche de surf : combien cela co\u00fbte-t-il, et dans quels cas est-il plus avantageux de la louer ?<\/a><\/li>\n<\/ul>\n<h2>R\u00e9servez votre mat\u00e9riel<\/h2>\n<p>Tout se passe \u00e0 1,5 km de l&rsquo;a\u00e9roport de Faro, sur le chemin menant au hall des arriv\u00e9es. Choisissez vos dates et v\u00e9rifiez les disponibilit\u00e9s ci-dessous. <\/p>\n\n<div class=\"wrap plugin-container\">\n\n\t\n\t\n\t<div class=\"vri-page-content\">\r\n<h3 class=\"vri-page-head-title\">Faro Surf Rentals<\/h3>\t<div class=\"vrilistcontainer\">\r\n\t\t<div class=\"vri-list-item-block\">\r\n\t\t\t<div class=\"vri-list-item-inner\">\r\n\t\t\t\t\t\t\t<div class=\"vri-list-item-img\">\r\n\t\t\t\t\t<img decoding=\"async\" src=\"https:\/\/farosurfrentals.com\/wp-content\/plugins\/vikrentitems\/admin\/resources\/vthumb_surf_racks_chat_gdp_1.png\" alt=\"\" class=\"vrilistimg\"\/>\r\n\t\t\t\t<\/div>\r\n\t\t\t\t\t\t\t\t<div class=\"vri-list-item-descr\">\r\n\t\t\t\t\t<span class=\"vrilistitemname\">Car Roof Rack Surf<\/span>\r\n\t\t\t\t\t<span class=\"vrilistitemcat\">Sports nautiques, Autre<\/span>\r\n\t\t\t\t\t<div class=\"vrilistitemdescr\">\r\n\t\t\t\t\t\t<p>Up to 3 surfboards<\/p>\n\t\t\t\t\t<\/div>\r\n\t\t\t\t\t\t\t\t<\/div>\r\n\t\t\t<\/div>\r\n\t\t\t<div class=\"vri-list-item-cont\">\r\n\t\t\t\t<div class=\"vrilistcostdivcont\">\r\n\t\t\t\t\t\t\t\t\t\t<div class=\"vrilistdivcost\">\r\n\t\t\t\t\t\t<span class=\"vriliststartfrom\">Starting From<\/span>\r\n\t\t\t\t\t\t<span class=\"item_cost\">\u20ac 5.00<\/span>\r\n\t\t\t\t\t\t<span class=\"vriliststartfromtext\">per Hour<\/span>\r\n\t\t\t\t\t<\/div>\r\n\t\t\t\t\t\t\t\t\t\t<span class=\"vrilistgoonlist\"><a href=\"https:\/\/farosurfrentals.com\/fr\/louer-bodyboard-faro-portugal\/?elemid=24\">View Details<\/a><\/span>\r\n\t\t\t\t<\/div>\r\n\t\t\t<\/div>\r\n\t\t<\/div>\r\n\t\t\t<div class=\"vri-list-item-block\">\r\n\t\t\t<div class=\"vri-list-item-inner\">\r\n\t\t\t\t\t\t\t<div class=\"vri-list-item-img\">\r\n\t\t\t\t\t<img decoding=\"async\" src=\"https:\/\/farosurfrentals.com\/wp-content\/plugins\/vikrentitems\/admin\/resources\/vthumb_snorkle_set_white.jpg\" alt=\"\" class=\"vrilistimg\"\/>\r\n\t\t\t\t<\/div>\r\n\t\t\t\t\t\t\t\t<div class=\"vri-list-item-descr\">\r\n\t\t\t\t\t<span class=\"vrilistitemname\">Ensemble de plong\u00e9e en apn\u00e9e<\/span>\r\n\t\t\t\t\t<span class=\"vrilistitemcat\">Sports nautiques<\/span>\r\n\t\t\t\t\t<div class=\"vrilistitemdescr\">\r\n\t\t\t\t\t\t<p>Ensemble tuba : lunettes + tube tuba +<br \/>\nPalmes (pointure : 37-38, 39-42, 43-45)<\/p>\n\t\t\t\t\t<\/div>\r\n\t\t\t\t\t\t\t\t<\/div>\r\n\t\t\t<\/div>\r\n\t\t\t<div class=\"vri-list-item-cont\">\r\n\t\t\t\t<div class=\"vrilistcostdivcont\">\r\n\t\t\t\t\t\t\t\t\t\t<div class=\"vrilistdivcost\">\r\n\t\t\t\t\t\t<span class=\"vriliststartfrom\">Starting From<\/span>\r\n\t\t\t\t\t\t<span class=\"item_cost\">\u20ac 5.00<\/span>\r\n\t\t\t\t\t\t<span class=\"vriliststartfromtext\">per Day<\/span>\r\n\t\t\t\t\t<\/div>\r\n\t\t\t\t\t\t\t\t\t\t<span class=\"vrilistgoonlist\"><a href=\"https:\/\/farosurfrentals.com\/fr\/blog\/la-location-de-planches-de-surf-a-faro-en-toute-simplicite-retrait-rapide-pres-de-laeroport\/?option=com_vikrentitems&amp;view=itemdetails&amp;elemid=6\">View Details<\/a><\/span>\r\n\t\t\t\t<\/div>\r\n\t\t\t<\/div>\r\n\t\t<\/div>\r\n\t\t\t<div class=\"vri-list-item-block\">\r\n\t\t\t<div class=\"vri-list-item-inner\">\r\n\t\t\t\t\t\t\t<div class=\"vri-list-item-img\">\r\n\t\t\t\t\t<img decoding=\"async\" src=\"https:\/\/farosurfrentals.com\/wp-content\/plugins\/vikrentitems\/admin\/resources\/vthumb_adobestock_1130219670.jpeg\" alt=\"\" class=\"vrilistimg\"\/>\r\n\t\t\t\t<\/div>\r\n\t\t\t\t\t\t\t\t<div class=\"vri-list-item-descr\">\r\n\t\t\t\t\t<span class=\"vrilistitemname\">Combinaison de plong\u00e9e<\/span>\r\n\t\t\t\t\t<span class=\"vrilistitemcat\">Sports nautiques<\/span>\r\n\t\t\t\t\t<div class=\"vrilistitemdescr\">\r\n\t\t\t\t\t\t<p>Des ccombinaison de plong\u00e9e tailles, parfaites pour les temp\u00e9ratures de l'eau portugaise.<\/p>\n\t\t\t\t\t<\/div>\r\n\t\t\t\t\t\t\t\t<\/div>\r\n\t\t\t<\/div>\r\n\t\t\t<div class=\"vri-list-item-cont\">\r\n\t\t\t\t<div class=\"vrilistcostdivcont\">\r\n\t\t\t\t\t\t\t\t\t\t<div class=\"vrilistdivcost\">\r\n\t\t\t\t\t\t<span class=\"vriliststartfrom\">Starting From<\/span>\r\n\t\t\t\t\t\t<span class=\"item_cost\">\u20ac 3.00<\/span>\r\n\t\t\t\t\t\t<span class=\"vriliststartfromtext\">per Day<\/span>\r\n\t\t\t\t\t<\/div>\r\n\t\t\t\t\t\t\t\t\t\t<span class=\"vrilistgoonlist\"><a href=\"https:\/\/farosurfrentals.com\/fr\/blog\/la-location-de-planches-de-surf-a-faro-en-toute-simplicite-retrait-rapide-pres-de-laeroport\/?option=com_vikrentitems&amp;view=itemdetails&amp;elemid=9\">View Details<\/a><\/span>\r\n\t\t\t\t<\/div>\r\n\t\t\t<\/div>\r\n\t\t<\/div>\r\n\t\t<\/div>\r\n\r\n\t<div class=\"vri-pagination\">\n<div class=\"tablenav bottom\">\n\n\t<div class=\"tablenav-pages\">\n\t\t<span class=\"displaying-num\">15 items<\/span>\n\n\t\t<span class=\"pagination-links\">\n\n\t\t\t\t\t\t\n\t\t\t\t<span class=\"tablenav-pages-navspan button disabled\" aria-hidden=\"true\">\u00ab<\/span>\n\n\t\t\t\n\t\t\t\t\t\t\n\t\t\t\t<span class=\"tablenav-pages-navspan button disabled\" aria-hidden=\"true\">\u2039<\/span>\n\n\t\t\t\n\t\t\t<span class=\"screen-reader-text\">Current Page<\/span>\n\t\t\t<span id=\"table-paging\" class=\"paging-input\">\n\t\t\t\t<span class=\"tablenav-paging-text\">\n\t\t\t\t\t1 of <span class=\"total-pages\">5<\/span>\t\t\t\t<\/span>\n\t\t\t<\/span>\n\n\t\t\t\n\t\t\t\t<a class=\"next-page button\" href=\"https:\/\/farosurfrentals.com\/fr\/wp-json\/wp\/v2\/posts\/15932?limitstart=3\">\n\t\t\t\t\t<span class=\"screen-reader-text\">Next page<\/span>\n\t\t\t\t\t<span aria-hidden=\"true\">\u203a<\/span>\n\t\t\t\t<\/a>\n\n\t\t\t\t\t\t\n\t\t\t\n\t\t\t\t<a class=\"last-page button\" href=\"https:\/\/farosurfrentals.com\/fr\/wp-json\/wp\/v2\/posts\/15932?limitstart=12\">\n\t\t\t\t\t<span class=\"screen-reader-text\">Last page<\/span>\n\t\t\t\t\t<span aria-hidden=\"true\">\u00bb<\/span>\n\t\t\t\t<\/a>\n\n\t\t\t\n\t\t<\/span>\n\t<\/div>\n\n\t<br class=\"clear\">\n\n<\/div>\n<\/div>\r\n\t<\/div>\r\n\n<\/div>\n\n","protected":false},"excerpt":{"rendered":"<p>Vous recherchez des options de location de planches de surf \u00e0 Faro pour votre s\u00e9jour de surf en Algarve ? Chez Faro Surf Rentals (Ocean Camper), nous vous permettons de r\u00e9cup\u00e9rer facilement une planche de surf ou un bodyboard juste \u00e0 c\u00f4t\u00e9 de l&rsquo;a\u00e9roport de Faro. Id\u00e9al pour les d\u00e9butants, les surfeurs de niveau interm\u00e9diaire [&hellip;]<\/p>\n","protected":false},"author":2,"featured_media":15127,"comment_status":"closed","ping_status":"closed","sticky":false,"template":"","format":"standard","meta":{"footnotes":""},"categories":[50],"tags":[],"class_list":["post-15932","post","type-post","status-publish","format-standard","has-post-thumbnail","hentry","category-non-classifiee"],"aioseo_notices":[],"aioseo_head":"\n\t\t<!-- All in One SEO 5.0.1.1 - aioseo.com -->\n\t<meta name=\"description\" content=\"La location de planches de surf \u00e0 Faro en toute simplicit\u00e9. Venez r\u00e9cup\u00e9rer votre planche de surf ou votre bodyboard pr\u00e8s de l&#039;a\u00e9roport de Faro et partez \u00e0 la d\u00e9couverte des meilleures plages de surf de l&#039;Algarve. Rapide et abordable.\" \/>\n\t<meta name=\"robots\" content=\"max-image-preview:large\" \/>\n\t<meta name=\"author\" content=\"farosurfrentals\"\/>\n\t<link rel=\"canonical\" href=\"https:\/\/farosurfrentals.com\/fr\/blog\/la-location-de-planches-de-surf-a-faro-en-toute-simplicite-retrait-rapide-pres-de-laeroport\/\" \/>\n\t<meta name=\"generator\" content=\"All in One SEO (AIOSEO) 5.0.1.1\" \/>\n\t\t<meta property=\"og:locale\" content=\"fr_FR\" \/>\n\t\t<meta property=\"og:site_name\" content=\"Faro Surf Rentals - Surf Rental Faro, Portugal\" \/>\n\t\t<meta property=\"og:type\" content=\"article\" \/>\n\t\t<meta property=\"og:title\" content=\"Location de planches de surf \u00e0 Faro : retrait pr\u00e8s de l&#039;a\u00e9roport\" \/>\n\t\t<meta property=\"og:description\" content=\"La location de planches de surf \u00e0 Faro en toute simplicit\u00e9. Venez r\u00e9cup\u00e9rer votre planche de surf ou votre bodyboard pr\u00e8s de l&#039;a\u00e9roport de Faro et partez \u00e0 la d\u00e9couverte des meilleures plages de surf de l&#039;Algarve. Rapide et abordable.\" \/>\n\t\t<meta property=\"og:url\" content=\"https:\/\/farosurfrentals.com\/fr\/blog\/la-location-de-planches-de-surf-a-faro-en-toute-simplicite-retrait-rapide-pres-de-laeroport\/\" \/>\n\t\t<meta property=\"og:image\" content=\"https:\/\/farosurfrentals.com\/wp-content\/uploads\/2021\/03\/cropped-Logo-long-01.png\" \/>\n\t\t<meta property=\"og:image:secure_url\" content=\"https:\/\/farosurfrentals.com\/wp-content\/uploads\/2021\/03\/cropped-Logo-long-01.png\" \/>\n\t\t<meta property=\"og:image:width\" content=\"576\" \/>\n\t\t<meta property=\"og:image:height\" content=\"499\" \/>\n\t\t<meta property=\"article:published_time\" content=\"2026-08-10T13:19:34+00:00\" \/>\n\t\t<meta property=\"article:modified_time\" content=\"2026-08-10T13:19:34+00:00\" \/>\n\t\t<meta name=\"twitter:card\" content=\"summary_large_image\" \/>\n\t\t<meta name=\"twitter:title\" content=\"Location de planches de surf \u00e0 Faro : retrait pr\u00e8s de l&#039;a\u00e9roport\" \/>\n\t\t<meta name=\"twitter:description\" content=\"La location de planches de surf \u00e0 Faro en toute simplicit\u00e9. Venez r\u00e9cup\u00e9rer votre planche de surf ou votre bodyboard pr\u00e8s de l&#039;a\u00e9roport de Faro et partez \u00e0 la d\u00e9couverte des meilleures plages de surf de l&#039;Algarve. Rapide et abordable.\" \/>\n\t\t<meta name=\"twitter:image\" content=\"https:\/\/farosurfrentals.com\/wp-content\/uploads\/2021\/03\/cropped-Logo-long-01.png\" \/>\n\t\t<script type=\"application\/ld+json\" class=\"aioseo-schema\">\n\t\t\t{\"@context\":\"https:\\\/\\\/schema.org\",\"@graph\":[{\"@type\":\"BlogPosting\",\"@id\":\"https:\\\/\\\/farosurfrentals.com\\\/fr\\\/blog\\\/la-location-de-planches-de-surf-a-faro-en-toute-simplicite-retrait-rapide-pres-de-laeroport\\\/#blogposting\",\"name\":\"Location de planches de surf \\u00e0 Faro : retrait pr\\u00e8s de l'a\\u00e9roport\",\"headline\":\"La location de planches de surf \\u00e0 Faro en toute simplicit\\u00e9 : retrait rapide pr\\u00e8s de l&rsquo;a\\u00e9roport\",\"author\":{\"@id\":\"https:\\\/\\\/farosurfrentals.com\\\/fr\\\/blog\\\/author\\\/farosurfrentals\\\/#author\"},\"publisher\":{\"@id\":\"https:\\\/\\\/farosurfrentals.com\\\/fr\\\/#organization\"},\"image\":{\"@type\":\"ImageObject\",\"url\":\"https:\\\/\\\/farosurfrentals.com\\\/wp-content\\\/uploads\\\/2025\\\/07\\\/AdobeStock_248035224-min-scaled.jpeg\",\"width\":2560,\"height\":1707,\"caption\":\"Surfeur attrapant une vague sur la c\\u00f4te de l'Algarve.\"},\"datePublished\":\"2026-08-10T13:19:34+00:00\",\"dateModified\":\"2026-08-10T13:19:34+00:00\",\"inLanguage\":\"fr-FR\",\"mainEntityOfPage\":{\"@id\":\"https:\\\/\\\/farosurfrentals.com\\\/fr\\\/blog\\\/la-location-de-planches-de-surf-a-faro-en-toute-simplicite-retrait-rapide-pres-de-laeroport\\\/#webpage\"},\"isPartOf\":{\"@id\":\"https:\\\/\\\/farosurfrentals.com\\\/fr\\\/blog\\\/la-location-de-planches-de-surf-a-faro-en-toute-simplicite-retrait-rapide-pres-de-laeroport\\\/#webpage\"},\"articleSection\":\"Non classifi\\u00e9(e)\"},{\"@type\":\"BreadcrumbList\",\"@id\":\"https:\\\/\\\/farosurfrentals.com\\\/fr\\\/blog\\\/la-location-de-planches-de-surf-a-faro-en-toute-simplicite-retrait-rapide-pres-de-laeroport\\\/#breadcrumblist\",\"itemListElement\":[{\"@type\":\"ListItem\",\"@id\":\"https:\\\/\\\/farosurfrentals.com\\\/fr\\\/#listItem\",\"position\":1,\"name\":\"Home\",\"item\":\"https:\\\/\\\/farosurfrentals.com\\\/fr\\\/\",\"nextItem\":{\"@type\":\"ListItem\",\"@id\":\"https:\\\/\\\/farosurfrentals.com\\\/fr\\\/blog\\\/category\\\/non-classifiee\\\/#listItem\",\"name\":\"Non classifi\\u00e9(e)\"}},{\"@type\":\"ListItem\",\"@id\":\"https:\\\/\\\/farosurfrentals.com\\\/fr\\\/blog\\\/category\\\/non-classifiee\\\/#listItem\",\"position\":2,\"name\":\"Non classifi\\u00e9(e)\",\"item\":\"https:\\\/\\\/farosurfrentals.com\\\/fr\\\/blog\\\/category\\\/non-classifiee\\\/\",\"nextItem\":{\"@type\":\"ListItem\",\"@id\":\"https:\\\/\\\/farosurfrentals.com\\\/fr\\\/blog\\\/la-location-de-planches-de-surf-a-faro-en-toute-simplicite-retrait-rapide-pres-de-laeroport\\\/#listItem\",\"name\":\"La location de planches de surf \\u00e0 Faro en toute simplicit\\u00e9 : retrait rapide pr\\u00e8s de l&rsquo;a\\u00e9roport\"},\"previousItem\":{\"@type\":\"ListItem\",\"@id\":\"https:\\\/\\\/farosurfrentals.com\\\/fr\\\/#listItem\",\"name\":\"Home\"}},{\"@type\":\"ListItem\",\"@id\":\"https:\\\/\\\/farosurfrentals.com\\\/fr\\\/blog\\\/la-location-de-planches-de-surf-a-faro-en-toute-simplicite-retrait-rapide-pres-de-laeroport\\\/#listItem\",\"position\":3,\"name\":\"La location de planches de surf \\u00e0 Faro en toute simplicit\\u00e9 : retrait rapide pr\\u00e8s de l&rsquo;a\\u00e9roport\",\"previousItem\":{\"@type\":\"ListItem\",\"@id\":\"https:\\\/\\\/farosurfrentals.com\\\/fr\\\/blog\\\/category\\\/non-classifiee\\\/#listItem\",\"name\":\"Non classifi\\u00e9(e)\"}}]},{\"@type\":\"Organization\",\"@id\":\"https:\\\/\\\/farosurfrentals.com\\\/fr\\\/#organization\",\"name\":\"Faro Surf Rentals\",\"description\":\"Surf Rental Faro, Portugal\",\"url\":\"https:\\\/\\\/farosurfrentals.com\\\/fr\\\/\",\"logo\":{\"@type\":\"ImageObject\",\"url\":\"https:\\\/\\\/farosurfrentals.com\\\/wp-content\\\/uploads\\\/2021\\\/03\\\/cropped-Logo-long-01.png\",\"@id\":\"https:\\\/\\\/farosurfrentals.com\\\/fr\\\/blog\\\/la-location-de-planches-de-surf-a-faro-en-toute-simplicite-retrait-rapide-pres-de-laeroport\\\/#organizationLogo\",\"width\":576,\"height\":499,\"caption\":\"Faro surf rentals logo2\"},\"image\":{\"@id\":\"https:\\\/\\\/farosurfrentals.com\\\/fr\\\/blog\\\/la-location-de-planches-de-surf-a-faro-en-toute-simplicite-retrait-rapide-pres-de-laeroport\\\/#organizationLogo\"}},{\"@type\":\"Person\",\"@id\":\"https:\\\/\\\/farosurfrentals.com\\\/fr\\\/blog\\\/author\\\/farosurfrentals\\\/#author\",\"url\":\"https:\\\/\\\/farosurfrentals.com\\\/fr\\\/blog\\\/author\\\/farosurfrentals\\\/\",\"name\":\"farosurfrentals\",\"image\":{\"@type\":\"ImageObject\",\"@id\":\"https:\\\/\\\/farosurfrentals.com\\\/fr\\\/blog\\\/la-location-de-planches-de-surf-a-faro-en-toute-simplicite-retrait-rapide-pres-de-laeroport\\\/#authorImage\",\"url\":\"https:\\\/\\\/secure.gravatar.com\\\/avatar\\\/85bae6fc56dc55da370805c1d796909c96c92bfb2f343f64537c281e45724747?s=96&d=mm&r=g\",\"width\":96,\"height\":96,\"caption\":\"farosurfrentals\"}},{\"@type\":\"WebPage\",\"@id\":\"https:\\\/\\\/farosurfrentals.com\\\/fr\\\/blog\\\/la-location-de-planches-de-surf-a-faro-en-toute-simplicite-retrait-rapide-pres-de-laeroport\\\/#webpage\",\"url\":\"https:\\\/\\\/farosurfrentals.com\\\/fr\\\/blog\\\/la-location-de-planches-de-surf-a-faro-en-toute-simplicite-retrait-rapide-pres-de-laeroport\\\/\",\"name\":\"Location de planches de surf \\u00e0 Faro : retrait pr\\u00e8s de l'a\\u00e9roport\",\"description\":\"La location de planches de surf \\u00e0 Faro en toute simplicit\\u00e9. Venez r\\u00e9cup\\u00e9rer votre planche de surf ou votre bodyboard pr\\u00e8s de l'a\\u00e9roport de Faro et partez \\u00e0 la d\\u00e9couverte des meilleures plages de surf de l'Algarve. Rapide et abordable.\",\"inLanguage\":\"fr-FR\",\"isPartOf\":{\"@id\":\"https:\\\/\\\/farosurfrentals.com\\\/fr\\\/#website\"},\"breadcrumb\":{\"@id\":\"https:\\\/\\\/farosurfrentals.com\\\/fr\\\/blog\\\/la-location-de-planches-de-surf-a-faro-en-toute-simplicite-retrait-rapide-pres-de-laeroport\\\/#breadcrumblist\"},\"author\":{\"@id\":\"https:\\\/\\\/farosurfrentals.com\\\/fr\\\/blog\\\/author\\\/farosurfrentals\\\/#author\"},\"creator\":{\"@id\":\"https:\\\/\\\/farosurfrentals.com\\\/fr\\\/blog\\\/author\\\/farosurfrentals\\\/#author\"},\"image\":{\"@type\":\"ImageObject\",\"url\":\"https:\\\/\\\/farosurfrentals.com\\\/wp-content\\\/uploads\\\/2025\\\/07\\\/AdobeStock_248035224-min-scaled.jpeg\",\"@id\":\"https:\\\/\\\/farosurfrentals.com\\\/fr\\\/blog\\\/la-location-de-planches-de-surf-a-faro-en-toute-simplicite-retrait-rapide-pres-de-laeroport\\\/#mainImage\",\"width\":2560,\"height\":1707,\"caption\":\"Surfeur attrapant une vague sur la c\\u00f4te de l'Algarve.\"},\"primaryImageOfPage\":{\"@id\":\"https:\\\/\\\/farosurfrentals.com\\\/fr\\\/blog\\\/la-location-de-planches-de-surf-a-faro-en-toute-simplicite-retrait-rapide-pres-de-laeroport\\\/#mainImage\"},\"datePublished\":\"2026-08-10T13:19:34+00:00\",\"dateModified\":\"2026-08-10T13:19:34+00:00\"},{\"@type\":\"WebSite\",\"@id\":\"https:\\\/\\\/farosurfrentals.com\\\/fr\\\/#website\",\"url\":\"https:\\\/\\\/farosurfrentals.com\\\/fr\\\/\",\"name\":\"Faro Surf Rentals\",\"description\":\"Surf Rental Faro, Portugal\",\"inLanguage\":\"fr-FR\",\"publisher\":{\"@id\":\"https:\\\/\\\/farosurfrentals.com\\\/fr\\\/#organization\"}}]}\n\t\t<\/script>\n\t\t<!-- All in One SEO -->\n\n","aioseo_head_json":{"title":"Location de planches de surf \u00e0 Faro : retrait pr\u00e8s de l'a\u00e9roport","description":"La location de planches de surf \u00e0 Faro en toute simplicit\u00e9. Venez r\u00e9cup\u00e9rer votre planche de surf ou votre bodyboard pr\u00e8s de l'a\u00e9roport de Faro et partez \u00e0 la d\u00e9couverte des meilleures plages de surf de l'Algarve. Rapide et abordable.","canonical_url":"https:\/\/farosurfrentals.com\/fr\/blog\/la-location-de-planches-de-surf-a-faro-en-toute-simplicite-retrait-rapide-pres-de-laeroport\/","robots":"max-image-preview:large","keywords":"","webmasterTools":{"miscellaneous":""},"schema":{"@context":"https:\/\/schema.org","@graph":[{"@type":"BlogPosting","@id":"https:\/\/farosurfrentals.com\/fr\/blog\/la-location-de-planches-de-surf-a-faro-en-toute-simplicite-retrait-rapide-pres-de-laeroport\/#blogposting","name":"Location de planches de surf \u00e0 Faro : retrait pr\u00e8s de l'a\u00e9roport","headline":"La location de planches de surf \u00e0 Faro en toute simplicit\u00e9 : retrait rapide pr\u00e8s de l&rsquo;a\u00e9roport","author":{"@id":"https:\/\/farosurfrentals.com\/fr\/blog\/author\/farosurfrentals\/#author"},"publisher":{"@id":"https:\/\/farosurfrentals.com\/fr\/#organization"},"image":{"@type":"ImageObject","url":"https:\/\/farosurfrentals.com\/wp-content\/uploads\/2025\/07\/AdobeStock_248035224-min-scaled.jpeg","width":2560,"height":1707,"caption":"Surfeur attrapant une vague sur la c\u00f4te de l'Algarve."},"datePublished":"2026-08-10T13:19:34+00:00","dateModified":"2026-08-10T13:19:34+00:00","inLanguage":"fr-FR","mainEntityOfPage":{"@id":"https:\/\/farosurfrentals.com\/fr\/blog\/la-location-de-planches-de-surf-a-faro-en-toute-simplicite-retrait-rapide-pres-de-laeroport\/#webpage"},"isPartOf":{"@id":"https:\/\/farosurfrentals.com\/fr\/blog\/la-location-de-planches-de-surf-a-faro-en-toute-simplicite-retrait-rapide-pres-de-laeroport\/#webpage"},"articleSection":"Non classifi\u00e9(e)"},{"@type":"BreadcrumbList","@id":"https:\/\/farosurfrentals.com\/fr\/blog\/la-location-de-planches-de-surf-a-faro-en-toute-simplicite-retrait-rapide-pres-de-laeroport\/#breadcrumblist","itemListElement":[{"@type":"ListItem","@id":"https:\/\/farosurfrentals.com\/fr\/#listItem","position":1,"name":"Home","item":"https:\/\/farosurfrentals.com\/fr\/","nextItem":{"@type":"ListItem","@id":"https:\/\/farosurfrentals.com\/fr\/blog\/category\/non-classifiee\/#listItem","name":"Non classifi\u00e9(e)"}},{"@type":"ListItem","@id":"https:\/\/farosurfrentals.com\/fr\/blog\/category\/non-classifiee\/#listItem","position":2,"name":"Non classifi\u00e9(e)","item":"https:\/\/farosurfrentals.com\/fr\/blog\/category\/non-classifiee\/","nextItem":{"@type":"ListItem","@id":"https:\/\/farosurfrentals.com\/fr\/blog\/la-location-de-planches-de-surf-a-faro-en-toute-simplicite-retrait-rapide-pres-de-laeroport\/#listItem","name":"La location de planches de surf \u00e0 Faro en toute simplicit\u00e9 : retrait rapide pr\u00e8s de l&rsquo;a\u00e9roport"},"previousItem":{"@type":"ListItem","@id":"https:\/\/farosurfrentals.com\/fr\/#listItem","name":"Home"}},{"@type":"ListItem","@id":"https:\/\/farosurfrentals.com\/fr\/blog\/la-location-de-planches-de-surf-a-faro-en-toute-simplicite-retrait-rapide-pres-de-laeroport\/#listItem","position":3,"name":"La location de planches de surf \u00e0 Faro en toute simplicit\u00e9 : retrait rapide pr\u00e8s de l&rsquo;a\u00e9roport","previousItem":{"@type":"ListItem","@id":"https:\/\/farosurfrentals.com\/fr\/blog\/category\/non-classifiee\/#listItem","name":"Non classifi\u00e9(e)"}}]},{"@type":"Organization","@id":"https:\/\/farosurfrentals.com\/fr\/#organization","name":"Faro Surf Rentals","description":"Surf Rental Faro, Portugal","url":"https:\/\/farosurfrentals.com\/fr\/","logo":{"@type":"ImageObject","url":"https:\/\/farosurfrentals.com\/wp-content\/uploads\/2021\/03\/cropped-Logo-long-01.png","@id":"https:\/\/farosurfrentals.com\/fr\/blog\/la-location-de-planches-de-surf-a-faro-en-toute-simplicite-retrait-rapide-pres-de-laeroport\/#organizationLogo","width":576,"height":499,"caption":"Faro surf rentals logo2"},"image":{"@id":"https:\/\/farosurfrentals.com\/fr\/blog\/la-location-de-planches-de-surf-a-faro-en-toute-simplicite-retrait-rapide-pres-de-laeroport\/#organizationLogo"}},{"@type":"Person","@id":"https:\/\/farosurfrentals.com\/fr\/blog\/author\/farosurfrentals\/#author","url":"https:\/\/farosurfrentals.com\/fr\/blog\/author\/farosurfrentals\/","name":"farosurfrentals","image":{"@type":"ImageObject","@id":"https:\/\/farosurfrentals.com\/fr\/blog\/la-location-de-planches-de-surf-a-faro-en-toute-simplicite-retrait-rapide-pres-de-laeroport\/#authorImage","url":"https:\/\/secure.gravatar.com\/avatar\/85bae6fc56dc55da370805c1d796909c96c92bfb2f343f64537c281e45724747?s=96&d=mm&r=g","width":96,"height":96,"caption":"farosurfrentals"}},{"@type":"WebPage","@id":"https:\/\/farosurfrentals.com\/fr\/blog\/la-location-de-planches-de-surf-a-faro-en-toute-simplicite-retrait-rapide-pres-de-laeroport\/#webpage","url":"https:\/\/farosurfrentals.com\/fr\/blog\/la-location-de-planches-de-surf-a-faro-en-toute-simplicite-retrait-rapide-pres-de-laeroport\/","name":"Location de planches de surf \u00e0 Faro : retrait pr\u00e8s de l'a\u00e9roport","description":"La location de planches de surf \u00e0 Faro en toute simplicit\u00e9. Venez r\u00e9cup\u00e9rer votre planche de surf ou votre bodyboard pr\u00e8s de l'a\u00e9roport de Faro et partez \u00e0 la d\u00e9couverte des meilleures plages de surf de l'Algarve. Rapide et abordable.","inLanguage":"fr-FR","isPartOf":{"@id":"https:\/\/farosurfrentals.com\/fr\/#website"},"breadcrumb":{"@id":"https:\/\/farosurfrentals.com\/fr\/blog\/la-location-de-planches-de-surf-a-faro-en-toute-simplicite-retrait-rapide-pres-de-laeroport\/#breadcrumblist"},"author":{"@id":"https:\/\/farosurfrentals.com\/fr\/blog\/author\/farosurfrentals\/#author"},"creator":{"@id":"https:\/\/farosurfrentals.com\/fr\/blog\/author\/farosurfrentals\/#author"},"image":{"@type":"ImageObject","url":"https:\/\/farosurfrentals.com\/wp-content\/uploads\/2025\/07\/AdobeStock_248035224-min-scaled.jpeg","@id":"https:\/\/farosurfrentals.com\/fr\/blog\/la-location-de-planches-de-surf-a-faro-en-toute-simplicite-retrait-rapide-pres-de-laeroport\/#mainImage","width":2560,"height":1707,"caption":"Surfeur attrapant une vague sur la c\u00f4te de l'Algarve."},"primaryImageOfPage":{"@id":"https:\/\/farosurfrentals.com\/fr\/blog\/la-location-de-planches-de-surf-a-faro-en-toute-simplicite-retrait-rapide-pres-de-laeroport\/#mainImage"},"datePublished":"2026-08-10T13:19:34+00:00","dateModified":"2026-08-10T13:19:34+00:00"},{"@type":"WebSite","@id":"https:\/\/farosurfrentals.com\/fr\/#website","url":"https:\/\/farosurfrentals.com\/fr\/","name":"Faro Surf Rentals","description":"Surf Rental Faro, Portugal","inLanguage":"fr-FR","publisher":{"@id":"https:\/\/farosurfrentals.com\/fr\/#organization"}}]},"og:locale":"fr_FR","og:site_name":"Faro Surf Rentals - Surf Rental Faro, Portugal","og:type":"article","og:title":"Location de planches de surf \u00e0 Faro : retrait pr\u00e8s de l'a\u00e9roport","og:description":"La location de planches de surf \u00e0 Faro en toute simplicit\u00e9. Venez r\u00e9cup\u00e9rer votre planche de surf ou votre bodyboard pr\u00e8s de l'a\u00e9roport de Faro et partez \u00e0 la d\u00e9couverte des meilleures plages de surf de l'Algarve. Rapide et abordable.","og:url":"https:\/\/farosurfrentals.com\/fr\/blog\/la-location-de-planches-de-surf-a-faro-en-toute-simplicite-retrait-rapide-pres-de-laeroport\/","og:image":"https:\/\/farosurfrentals.com\/wp-content\/uploads\/2021\/03\/cropped-Logo-long-01.png","og:image:secure_url":"https:\/\/farosurfrentals.com\/wp-content\/uploads\/2021\/03\/cropped-Logo-long-01.png","og:image:width":576,"og:image:height":499,"article:published_time":"2026-08-10T13:19:34+00:00","article:modified_time":"2026-08-10T13:19:34+00:00","twitter:card":"summary_large_image","twitter:title":"Location de planches de surf \u00e0 Faro : retrait pr\u00e8s de l'a\u00e9roport","twitter:description":"La location de planches de surf \u00e0 Faro en toute simplicit\u00e9. Venez r\u00e9cup\u00e9rer votre planche de surf ou votre bodyboard pr\u00e8s de l'a\u00e9roport de Faro et partez \u00e0 la d\u00e9couverte des meilleures plages de surf de l'Algarve. Rapide et abordable.","twitter:image":"https:\/\/farosurfrentals.com\/wp-content\/uploads\/2021\/03\/cropped-Logo-long-01.png"},"aioseo_meta_data":{"post_id":"15932","title":"Location de planches de surf \u00e0 Faro : retrait pr\u00e8s de l'a\u00e9roport","description":"La location de planches de surf \u00e0 Faro en toute simplicit\u00e9. Venez r\u00e9cup\u00e9rer votre planche de surf ou votre bodyboard pr\u00e8s de l'a\u00e9roport de Faro et partez \u00e0 la d\u00e9couverte des meilleures plages de surf de l'Algarve. Rapide et abordable.  ","keywords":null,"keyphrases":{"focus":[],"additional":[]},"primary_term":null,"canonical_url":null,"og_title":null,"og_description":null,"og_object_type":"default","og_image_type":"default","og_image_url":null,"og_image_width":null,"og_image_height":null,"og_image_custom_url":null,"og_image_custom_fields":null,"og_video":"","og_custom_url":null,"og_article_section":null,"og_article_tags":null,"twitter_use_og":false,"twitter_card":"default","twitter_image_type":"default","twitter_image_url":null,"twitter_image_custom_url":null,"twitter_image_custom_fields":null,"twitter_title":null,"twitter_description":null,"schema":{"blockGraphs":[],"customGraphs":[],"default":{"data":{"Article":[],"Course":[],"Dataset":[],"FAQPage":[],"Movie":[],"Person":[],"Product":[],"ProductReview":[],"Car":[],"Recipe":[],"Service":[],"SoftwareApplication":[],"WebPage":[]},"graphName":"BlogPosting","isEnabled":true},"graphs":[]},"schema_type":"default","schema_type_options":null,"pillar_content":false,"robots_default":true,"robots_noindex":false,"robots_noarchive":false,"robots_nosnippet":false,"robots_nofollow":false,"robots_noimageindex":false,"robots_noodp":false,"robots_notranslate":false,"robots_max_snippet":"-1","robots_max_videopreview":"-1","robots_max_imagepreview":"large","priority":null,"frequency":"default","local_seo":null,"breadcrumb_settings":null,"limit_modified_date":false,"ai":{"faqs":[],"keyPoints":[],"schemas":[],"titles":[],"descriptions":[],"socialPosts":{"email":[],"linkedin":[],"twitter":[],"facebook":[],"instagram":[]}},"created":"2026-09-04 10:58:08","updated":"2026-09-04 10:58:08","seo_analyzer_scan_date":null,"focus_keyword":null,"additional_keywords":null,"truseo_locale":null},"aioseo_breadcrumb":"<div class=\"aioseo-breadcrumbs\"><span class=\"aioseo-breadcrumb\">\n\t\t\t<a href=\"https:\/\/farosurfrentals.com\/fr\/\" title=\"Home\">Home<\/a>\n\t\t<\/span><span class=\"aioseo-breadcrumb-separator\">&raquo;<\/span><span class=\"aioseo-breadcrumb\">\n\t\t\t<a href=\"https:\/\/farosurfrentals.com\/fr\/blog\/category\/non-classifiee\/\" title=\"Non classifi\u00e9(e)\">Non classifi\u00e9(e)<\/a>\n\t\t<\/span><span class=\"aioseo-breadcrumb-separator\">&raquo;<\/span><span class=\"aioseo-breadcrumb\">\n\t\t\tLa location de planches de surf \u00e0 Faro en toute simplicit\u00e9 : retrait rapide pr\u00e8s de l\u2019a\u00e9roport\n\t\t<\/span><\/div>","aioseo_breadcrumb_json":[{"label":"Home","link":"https:\/\/farosurfrentals.com\/fr\/"},{"label":"Non classifi\u00e9(e)","link":"https:\/\/farosurfrentals.com\/fr\/blog\/category\/non-classifiee\/"},{"label":"La location de planches de surf \u00e0 Faro en toute simplicit\u00e9 : retrait rapide pr\u00e8s de l&rsquo;a\u00e9roport","link":"https:\/\/farosurfrentals.com\/fr\/blog\/la-location-de-planches-de-surf-a-faro-en-toute-simplicite-retrait-rapide-pres-de-laeroport\/"}],"_links":{"self":[{"href":"https:\/\/farosurfrentals.com\/fr\/wp-json\/wp\/v2\/posts\/15932","targetHints":{"allow":["GET"]}}],"collection":[{"href":"https:\/\/farosurfrentals.com\/fr\/wp-json\/wp\/v2\/posts"}],"about":[{"href":"https:\/\/farosurfrentals.com\/fr\/wp-json\/wp\/v2\/types\/post"}],"author":[{"embeddable":true,"href":"https:\/\/farosurfrentals.com\/fr\/wp-json\/wp\/v2\/users\/2"}],"replies":[{"embeddable":true,"href":"https:\/\/farosurfrentals.com\/fr\/wp-json\/wp\/v2\/comments?post=15932"}],"version-history":[{"count":0,"href":"https:\/\/farosurfrentals.com\/fr\/wp-json\/wp\/v2\/posts\/15932\/revisions"}],"wp:featuredmedia":[{"embeddable":true,"href":"https:\/\/farosurfrentals.com\/fr\/wp-json\/wp\/v2\/media\/15127"}],"wp:attachment":[{"href":"https:\/\/farosurfrentals.com\/fr\/wp-json\/wp\/v2\/media?parent=15932"}],"wp:term":[{"taxonomy":"category","embeddable":true,"href":"https:\/\/farosurfrentals.com\/fr\/wp-json\/wp\/v2\/categories?post=15932"},{"taxonomy":"post_tag","embeddable":true,"href":"https:\/\/farosurfrentals.com\/fr\/wp-json\/wp\/v2\/tags?post=15932"}],"curies":[{"name":"wp","href":"https:\/\/api.w.org\/{rel}","templated":true}]}}