{"id":15929,"date":"2026-08-10T07:49:51","date_gmt":"2026-08-10T07:49:51","guid":{"rendered":"https:\/\/farosurfrentals.com\/blog\/faire-du-camping-en-algarve-avec-une-tente-le-materiel-indispensable\/"},"modified":"2026-08-10T07:49:51","modified_gmt":"2026-08-10T07:49:51","slug":"faire-du-camping-en-algarve-avec-une-tente-le-materiel-indispensable","status":"publish","type":"post","link":"https:\/\/farosurfrentals.com\/fr\/blog\/faire-du-camping-en-algarve-avec-une-tente-le-materiel-indispensable\/","title":{"rendered":"Faire du camping en Algarve avec une tente : le mat\u00e9riel indispensable"},"content":{"rendered":"<p>La plupart des gens pr\u00e9parent leurs bagages pour l&rsquo;Algarve comme s&rsquo;il s&rsquo;agissait d&rsquo;une version plus chaude de chez eux. Puis, le vent se l\u00e8ve \u00e0 deux heures de l&rsquo;apr\u00e8s-midi, la tente se transforme en voile, et les piquets qui fonctionnaient tr\u00e8s bien dans un champ anglais humide s&rsquo;arrachent du sable sec. <\/p>\n<p>Il est facile de camper ici d\u00e8s lors que l\u2019on sait comment cet endroit met le mat\u00e9riel \u00e0 rude \u00e9preuve. Il s\u2019agit d\u2019une combinaison particuli\u00e8re : un vent fort l\u2019apr\u00e8s-midi pendant plusieurs mois de l\u2019ann\u00e9e, un sol soit dur comme de la pierre, soit compos\u00e9 de sable pur, un soleil de plomb qui tape sur la toile, et des nuits plus froides que ne le laissent supposer les journ\u00e9es. Voici ce qui compte vraiment.  <\/p>\n<h2>Tout d&rsquo;abord, les endroits o\u00f9 vous \u00eates autoris\u00e9 \u00e0 installer votre stand<\/h2>\n<p>Une tente doit \u00eatre install\u00e9e dans un camping agr\u00e9\u00e9. Au Portugal, le traitement r\u00e9serv\u00e9 aux camping-cars et aux tentes est tr\u00e8s diff\u00e9rent. Un camping-car immatricul\u00e9 peut stationner de nuit \u00e0 certains endroits sous certaines conditions, mais installer une tente en dehors d\u2019un camping est consid\u00e9r\u00e9 comme du camping, quel que soit l\u2019endroit o\u00f9 vous le faites, et cela n\u2019est pas autoris\u00e9. Les contr\u00f4les se sont renforc\u00e9s en Algarve, en particulier le long de la c\u00f4te ouest, qui se trouve au sein du parc naturel du Sud-Ouest de l&rsquo;Alentejo et de la Costa Vicentina, et la Ria Formosa est \u00e9galement prot\u00e9g\u00e9e.   <\/p>\n<p>Notre soci\u00e9t\u00e9 s\u0153ur, Ocean Camper, tient \u00e0 jour la version d\u00e9taill\u00e9e de la r\u00e9glementation : <a href=\"https:\/\/oceancamper.com\/wild-camping-portugal\/\" rel=\"noopener\">le camping sauvage au Portugal, les r\u00e8gles et les amendes<\/a>. Quant aux lieux o\u00f9 s\u00e9journer concr\u00e8tement, elle propose \u00e9galement un <a href=\"https:\/\/oceancamper.com\/best-campsites-algarve-portugal\/\" rel=\"noopener\">guide des meilleurs campings de l\u2019Algarve pour les tentes et les<\/a> camping-cars. Cela nous \u00e9vite de faire double emploi, et ce guide est bien meilleur que tout ce que nous pourrions r\u00e9diger nous-m\u00eames.  <\/p>\n<p>La bonne nouvelle, c&rsquo;est que les campings de l&rsquo;Algarve sont bon march\u00e9 par rapport aux prix pratiqu\u00e9s en Europe et que plusieurs des meilleurs se trouvent exactement l\u00e0 o\u00f9 vous souhaitez \u00eatre : pr\u00e8s de Sagres pour le surf sur la c\u00f4te ouest et \u00e0 Fuseta pour la lagune.<\/p>\n<h2>C&rsquo;est le vent qui g\u00e2che les voyages<\/h2>\n<p>De mai \u00e0 septembre environ, un vent du nord \u00e0 nord-ouest, appel\u00e9 \u00ab nortada \u00bb, se l\u00e8ve presque tous les apr\u00e8s-midi. Il ne s&rsquo;agit pas d&rsquo;une temp\u00eate, mais ce vent est tenace, souffle tous les jours et ne manque pas de mettre \u00e0 mal le moindre point faible d&rsquo;une voile. <\/p>\n<p>Concr\u00e8tement, cela signifie : utilisez toutes les cordes d&rsquo;ancrage fournies avec la tente, et pas seulement les deux qui semblent indispensables. Montez la tente en orientant l&rsquo;extr\u00e9mit\u00e9 la plus \u00e9troite vers le nord ou le nord-ouest. Une tente tunnel mont\u00e9e perpendiculairement \u00e0 ce vent se d\u00e9formera toute la nuit et personne ne dormira.  <\/p>\n<p>Les piquets sont plus importants que la tente. Emportez-en deux types. Des piquets fins en acier ou en titane pour les sols durs et caillouteux, car les piquets en plastique se cassent sur ce type de terrain. Et des piquets larges en plastique ou en alliage, d\u2019au moins 25 cm, pour tout emplacement situ\u00e9 pr\u00e8s du littoral. Sur du sable meuble, l\u2019astuce qui fait ses preuves consiste \u00e0 enfoncer un piquet \u00e0 l\u2019horizontale, ou \u00e0 enterrer un sac de rangement rempli de sable et \u00e0 y attacher la corde de haubanage.    <\/p>\n<h2>Le soleil cause plus de d\u00e9g\u00e2ts que la pluie<\/h2>\n<p>De mai \u00e0 septembre, la pluie n&rsquo;est pratiquement pas un probl\u00e8me. En revanche, les rayons ultraviolets, oui. Les toiles ext\u00e9rieures en polyester bon march\u00e9 se fragilisent en un seul \u00e9t\u00e9 en Algarve, et une tente de couleur fonc\u00e9e devient inutilisable d\u00e8s 9 heures du matin, car la temp\u00e9rature \u00e0 l&rsquo;int\u00e9rieur grimpe plus vite que vous ne pouvez en sortir.  <\/p>\n<p>Une toile ext\u00e9rieure de couleur claire, une doublure \u00e0 mailles larges et des portes que l\u2019on peut enti\u00e8rement enrouler sont ici plus utiles que les indices d\u2019imperm\u00e9abilit\u00e9. Il est \u00e9galement important de disposer d\u2019un abri s\u00e9par\u00e9. Une b\u00e2che ou un simple auvent tendu entre la tente et la voiture vous offre un endroit o\u00f9 vous asseoir \u00e0 midi, ce que la tente elle-m\u00eame ne permet pas.  <\/p>\n<p>Si possible, installez la tente de mani\u00e8re \u00e0 ce qu&rsquo;elle soit \u00e0 l&rsquo;ombre le matin. Se faire r\u00e9veiller \u00e0 sept heures par la chaleur est la plainte la plus fr\u00e9quente que nous entendons. <\/p>\n<h2>Les nuits sont plus froides que ce \u00e0 quoi on s&rsquo;attend<\/h2>\n<p>En juillet et en ao\u00fbt, vous dormirez \u00e0 m\u00eame le sac de couchage. En avril, mai, octobre et novembre, la temp\u00e9rature chute brusquement d\u00e8s le coucher du soleil, surtout au bord de l&rsquo;eau, et un sac d&rsquo;\u00e9t\u00e9 fin ne suffit pas. Un sac trois saisons ou un sac accompagn\u00e9 d&rsquo;une doublure vous permettra de passer ces mois de transition confortablement.  <\/p>\n<p>L&rsquo;isolation au sol est tout aussi importante que le sac de couchage. Un sol sec \u00e9vacue rapidement la chaleur pendant la nuit. Un tapis en mousse plac\u00e9 sous un matelas gonflable fin constitue une solution peu co\u00fbteuse si vous poss\u00e9dez d\u00e9j\u00e0 un tapis inadapt\u00e9.  <\/p>\n<h2>Les moustiques et la condensation pr\u00e8s de la lagune<\/h2>\n<p>Les campings situ\u00e9s autour de la Ria Formosa jouxtent des marais salants, qui sont magnifiques et regorgent d&rsquo;oiseaux, mais aussi de moustiques au cr\u00e9puscule, \u00e0 la fin de l&rsquo;\u00e9t\u00e9. Une tente dot\u00e9e d&rsquo;une toile int\u00e9rieure en maille bien herm\u00e9tique est indispensable dans cette r\u00e9gion. Un r\u00e9pulsif, \u00e0 utiliser pendant l&rsquo;heure qui pr\u00e9c\u00e8de le coucher du soleil, fera le reste.  <\/p>\n<p>C&rsquo;est justement ce terrain en contrebas qui favorise la formation d&rsquo;une ros\u00e9e abondante. Installez votre tente l\u00e9g\u00e8rement en pente par rapport au point le plus bas, laissez les a\u00e9rations ouvertes et secouez la toile ext\u00e9rieure le matin avant de la ranger. <\/p>\n<h2>Les r\u00e8gles de s\u00e9curit\u00e9 incendie que les gens interpr\u00e8tent mal<\/h2>\n<p>Le Portugal conna\u00eet une p\u00e9riode critique d&rsquo;incendie pendant l&rsquo;\u00e9t\u00e9, g\u00e9n\u00e9ralement du d\u00e9but juillet \u00e0 la fin septembre, qui peut \u00eatre prolong\u00e9e d&rsquo;un c\u00f4t\u00e9 comme de l&rsquo;autre lors d&rsquo;une ann\u00e9e s\u00e8che. Pendant cette p\u00e9riode, les po\u00eales, barbecues et grills sont interdits dans les zones rurales, sauf dans les lieux express\u00e9ment autoris\u00e9s \u00e0 cet effet. <\/p>\n<p>Les campings disposent g\u00e9n\u00e9ralement d\u2019aires de cuisine am\u00e9nag\u00e9es, et vous pouvez y utiliser un r\u00e9chaud \u00e0 gaz sans probl\u00e8me. En revanche, il est interdit d\u2019allumer un feu en dehors de ces zones pendant la p\u00e9riode critique, sous peine d\u2019amendes lourdes. Si vous avez un doute un jour donn\u00e9, renseignez-vous \u00e0 l\u2019accueil plut\u00f4t que de faire des suppositions. Personne en Algarve ne prend la question des incendies \u00e0 la l\u00e9g\u00e8re, et ce \u00e0 juste titre.   <\/p>\n<h2>Qu&rsquo;est-ce qui vaut mieux que de prendre l&rsquo;avion ?<\/h2>\n<p>Le mat\u00e9riel de camping est encombrant, l\u00e9ger et peu maniable, ce qui constitue la pire combinaison possible en mati\u00e8re de tarification a\u00e9rienne. Vous payez en fonction du volume, et non de la valeur. Une tente, deux sacs de couchage et des matelas de sol co\u00fbteront g\u00e9n\u00e9ralement plus cher en bagages en soute pour un aller-retour que la location du m\u00eame \u00e9quipement ici pour une semaine.  <\/p>\n<p>Nous louons des tentes, des sacs de couchage, des matelas de sol, des chaises de camping et du mat\u00e9riel de cuisine, \u00e0 1,5 km de l&rsquo;a\u00e9roport de Faro ; vous pouvez ainsi venir les r\u00e9cup\u00e9rer \u00e0 votre arriv\u00e9e et les rapporter \u00e0 votre d\u00e9part. Tout le mat\u00e9riel a \u00e9t\u00e9 s\u00e9lectionn\u00e9 en fonction de ces conditions plut\u00f4t que sur la base du prix, ce qui se traduit principalement par des piquets de bonne qualit\u00e9 et des toiles de tente de couleur claire. <\/p>\n<p>Si vous pr\u00e9voyez \u00e9galement de vous mettre \u00e0 l&rsquo;eau, ce m\u00eame guide s&rsquo;applique aussi bien \u00e0 la <a href=\"https:\/\/farosurfrentals.com\/fr\/blog\/la-location-de-planches-de-surf-a-faro-en-toute-simplicite-retrait-rapide-pres-de-laeroport\/\">planche de surf<\/a> qu&rsquo;au <a href=\"https:\/\/farosurfrentals.com\/fr\/blog\/location-de-sup-a-faro-simple-ludique-et-a-proximite-de-laeroport\/\">paddle<\/a>, et le <a href=\"https:\/\/farosurfrentals.com\/fr\/blog\/quelle-combinaison-vous-faut-il-en-algarve-mois-par-mois\/\">guide des combinaisons<\/a> vous indique ce dont vous avez besoin en fonction du mois.<\/p>\n<h2>R\u00e9servez votre mat\u00e9riel<\/h2>\n<p>Tout se passe \u00e0 1,5 km de l&rsquo;a\u00e9roport de Faro, sur le chemin menant au hall des arriv\u00e9es. Choisissez vos dates et v\u00e9rifiez les disponibilit\u00e9s ci-dessous. <\/p>\n\n<div class=\"wrap plugin-container\">\n\n\t\n\t\n\t<div class=\"vri-page-content\">\r\n<h3 class=\"vri-page-head-title\">Faro Surf Rentals<\/h3>\t<div class=\"vrilistcontainer\">\r\n\t\t<div class=\"vri-list-item-block\">\r\n\t\t\t<div class=\"vri-list-item-inner\">\r\n\t\t\t\t\t\t\t<div class=\"vri-list-item-img\">\r\n\t\t\t\t\t<img decoding=\"async\" src=\"https:\/\/farosurfrentals.com\/wp-content\/plugins\/vikrentitems\/admin\/resources\/vthumb_surf_racks_chat_gdp_1.png\" alt=\"\" class=\"vrilistimg\"\/>\r\n\t\t\t\t<\/div>\r\n\t\t\t\t\t\t\t\t<div class=\"vri-list-item-descr\">\r\n\t\t\t\t\t<span class=\"vrilistitemname\">Car Roof Rack Surf<\/span>\r\n\t\t\t\t\t<span class=\"vrilistitemcat\">Sports nautiques, Autre<\/span>\r\n\t\t\t\t\t<div class=\"vrilistitemdescr\">\r\n\t\t\t\t\t\t<p>Up to 3 surfboards<\/p>\n\t\t\t\t\t<\/div>\r\n\t\t\t\t\t\t\t\t<\/div>\r\n\t\t\t<\/div>\r\n\t\t\t<div class=\"vri-list-item-cont\">\r\n\t\t\t\t<div class=\"vrilistcostdivcont\">\r\n\t\t\t\t\t\t\t\t\t\t<div class=\"vrilistdivcost\">\r\n\t\t\t\t\t\t<span class=\"vriliststartfrom\">Starting From<\/span>\r\n\t\t\t\t\t\t<span class=\"item_cost\">\u20ac 5.00<\/span>\r\n\t\t\t\t\t\t<span class=\"vriliststartfromtext\">per Hour<\/span>\r\n\t\t\t\t\t<\/div>\r\n\t\t\t\t\t\t\t\t\t\t<span class=\"vrilistgoonlist\"><a href=\"https:\/\/farosurfrentals.com\/fr\/louer-bodyboard-faro-portugal\/?elemid=24\">View Details<\/a><\/span>\r\n\t\t\t\t<\/div>\r\n\t\t\t<\/div>\r\n\t\t<\/div>\r\n\t\t\t<div class=\"vri-list-item-block\">\r\n\t\t\t<div class=\"vri-list-item-inner\">\r\n\t\t\t\t\t\t\t<div class=\"vri-list-item-img\">\r\n\t\t\t\t\t<img decoding=\"async\" src=\"https:\/\/farosurfrentals.com\/wp-content\/plugins\/vikrentitems\/admin\/resources\/vthumb_snorkle_set_white.jpg\" alt=\"\" class=\"vrilistimg\"\/>\r\n\t\t\t\t<\/div>\r\n\t\t\t\t\t\t\t\t<div class=\"vri-list-item-descr\">\r\n\t\t\t\t\t<span class=\"vrilistitemname\">Ensemble de plong\u00e9e en apn\u00e9e<\/span>\r\n\t\t\t\t\t<span class=\"vrilistitemcat\">Sports nautiques<\/span>\r\n\t\t\t\t\t<div class=\"vrilistitemdescr\">\r\n\t\t\t\t\t\t<p>Ensemble tuba : lunettes + tube tuba +<br \/>\nPalmes (pointure : 37-38, 39-42, 43-45)<\/p>\n\t\t\t\t\t<\/div>\r\n\t\t\t\t\t\t\t\t<\/div>\r\n\t\t\t<\/div>\r\n\t\t\t<div class=\"vri-list-item-cont\">\r\n\t\t\t\t<div class=\"vrilistcostdivcont\">\r\n\t\t\t\t\t\t\t\t\t\t<div class=\"vrilistdivcost\">\r\n\t\t\t\t\t\t<span class=\"vriliststartfrom\">Starting From<\/span>\r\n\t\t\t\t\t\t<span class=\"item_cost\">\u20ac 5.00<\/span>\r\n\t\t\t\t\t\t<span class=\"vriliststartfromtext\">per Day<\/span>\r\n\t\t\t\t\t<\/div>\r\n\t\t\t\t\t\t\t\t\t\t<span class=\"vrilistgoonlist\"><a href=\"https:\/\/farosurfrentals.com\/fr\/blog\/faire-du-camping-en-algarve-avec-une-tente-le-materiel-indispensable\/?option=com_vikrentitems&amp;view=itemdetails&amp;elemid=6\">View Details<\/a><\/span>\r\n\t\t\t\t<\/div>\r\n\t\t\t<\/div>\r\n\t\t<\/div>\r\n\t\t\t<div class=\"vri-list-item-block\">\r\n\t\t\t<div class=\"vri-list-item-inner\">\r\n\t\t\t\t\t\t\t<div class=\"vri-list-item-img\">\r\n\t\t\t\t\t<img decoding=\"async\" src=\"https:\/\/farosurfrentals.com\/wp-content\/plugins\/vikrentitems\/admin\/resources\/vthumb_adobestock_1130219670.jpeg\" alt=\"\" class=\"vrilistimg\"\/>\r\n\t\t\t\t<\/div>\r\n\t\t\t\t\t\t\t\t<div class=\"vri-list-item-descr\">\r\n\t\t\t\t\t<span class=\"vrilistitemname\">Combinaison de plong\u00e9e<\/span>\r\n\t\t\t\t\t<span class=\"vrilistitemcat\">Sports nautiques<\/span>\r\n\t\t\t\t\t<div class=\"vrilistitemdescr\">\r\n\t\t\t\t\t\t<p>Des ccombinaison de plong\u00e9e tailles, parfaites pour les temp\u00e9ratures de l'eau portugaise.<\/p>\n\t\t\t\t\t<\/div>\r\n\t\t\t\t\t\t\t\t<\/div>\r\n\t\t\t<\/div>\r\n\t\t\t<div class=\"vri-list-item-cont\">\r\n\t\t\t\t<div class=\"vrilistcostdivcont\">\r\n\t\t\t\t\t\t\t\t\t\t<div class=\"vrilistdivcost\">\r\n\t\t\t\t\t\t<span class=\"vriliststartfrom\">Starting From<\/span>\r\n\t\t\t\t\t\t<span class=\"item_cost\">\u20ac 3.00<\/span>\r\n\t\t\t\t\t\t<span class=\"vriliststartfromtext\">per Day<\/span>\r\n\t\t\t\t\t<\/div>\r\n\t\t\t\t\t\t\t\t\t\t<span class=\"vrilistgoonlist\"><a href=\"https:\/\/farosurfrentals.com\/fr\/blog\/faire-du-camping-en-algarve-avec-une-tente-le-materiel-indispensable\/?option=com_vikrentitems&amp;view=itemdetails&amp;elemid=9\">View Details<\/a><\/span>\r\n\t\t\t\t<\/div>\r\n\t\t\t<\/div>\r\n\t\t<\/div>\r\n\t\t<\/div>\r\n\r\n\t<div class=\"vri-pagination\">\n<div class=\"tablenav bottom\">\n\n\t<div class=\"tablenav-pages\">\n\t\t<span class=\"displaying-num\">15 items<\/span>\n\n\t\t<span class=\"pagination-links\">\n\n\t\t\t\t\t\t\n\t\t\t\t<span class=\"tablenav-pages-navspan button disabled\" aria-hidden=\"true\">\u00ab<\/span>\n\n\t\t\t\n\t\t\t\t\t\t\n\t\t\t\t<span class=\"tablenav-pages-navspan button disabled\" aria-hidden=\"true\">\u2039<\/span>\n\n\t\t\t\n\t\t\t<span class=\"screen-reader-text\">Current Page<\/span>\n\t\t\t<span id=\"table-paging\" class=\"paging-input\">\n\t\t\t\t<span class=\"tablenav-paging-text\">\n\t\t\t\t\t1 of <span class=\"total-pages\">5<\/span>\t\t\t\t<\/span>\n\t\t\t<\/span>\n\n\t\t\t\n\t\t\t\t<a class=\"next-page button\" href=\"https:\/\/farosurfrentals.com\/fr\/wp-json\/wp\/v2\/posts\/15929?limitstart=3\">\n\t\t\t\t\t<span class=\"screen-reader-text\">Next page<\/span>\n\t\t\t\t\t<span aria-hidden=\"true\">\u203a<\/span>\n\t\t\t\t<\/a>\n\n\t\t\t\t\t\t\n\t\t\t\n\t\t\t\t<a class=\"last-page button\" href=\"https:\/\/farosurfrentals.com\/fr\/wp-json\/wp\/v2\/posts\/15929?limitstart=12\">\n\t\t\t\t\t<span class=\"screen-reader-text\">Last page<\/span>\n\t\t\t\t\t<span aria-hidden=\"true\">\u00bb<\/span>\n\t\t\t\t<\/a>\n\n\t\t\t\n\t\t<\/span>\n\t<\/div>\n\n\t<br class=\"clear\">\n\n<\/div>\n<\/div>\r\n\t<\/div>\r\n\n<\/div>\n\n","protected":false},"excerpt":{"rendered":"<p>Ici, le vent, le soleil et le sable mettent \u00e0 rude \u00e9preuve un \u00e9quipement de camping inadapt\u00e9. Que faut-il emporter, que faut-il laisser chez soi, quelles sont les r\u00e8gles relatives aux feux et o\u00f9 est-il autoris\u00e9 de planter sa tente ? <\/p>\n","protected":false},"author":2,"featured_media":14642,"comment_status":"closed","ping_status":"closed","sticky":false,"template":"","format":"standard","meta":{"footnotes":""},"categories":[50],"tags":[],"class_list":["post-15929","post","type-post","status-publish","format-standard","has-post-thumbnail","hentry","category-non-classifiee"],"aioseo_notices":[],"aioseo_head":"\n\t\t<!-- All in One SEO 5.0.1.1 - aioseo.com -->\n\t<meta name=\"description\" content=\"Le vent, le soleil et le sable mettent \u00e0 rude \u00e9preuve le mat\u00e9riel de camping inadapt\u00e9 en Algarve. Quelle tente et quels piquets emporter, les r\u00e8gles relatives aux feux d&#039;\u00e9t\u00e9 et les endroits o\u00f9 vous pouvez vous installer l\u00e9galement.\" \/>\n\t<meta name=\"robots\" content=\"max-image-preview:large\" \/>\n\t<meta name=\"author\" content=\"farosurfrentals\"\/>\n\t<link rel=\"canonical\" href=\"https:\/\/farosurfrentals.com\/fr\/blog\/faire-du-camping-en-algarve-avec-une-tente-le-materiel-indispensable\/\" \/>\n\t<meta name=\"generator\" content=\"All in One SEO (AIOSEO) 5.0.1.1\" \/>\n\t\t<meta property=\"og:locale\" content=\"fr_FR\" \/>\n\t\t<meta property=\"og:site_name\" content=\"Faro Surf Rentals - Surf Rental Faro, Portugal\" \/>\n\t\t<meta property=\"og:type\" content=\"article\" \/>\n\t\t<meta property=\"og:title\" content=\"Camping sous tente en Algarve : le mat\u00e9riel qui compte vraiment\" \/>\n\t\t<meta property=\"og:description\" content=\"Le vent, le soleil et le sable mettent \u00e0 rude \u00e9preuve le mat\u00e9riel de camping inadapt\u00e9 en Algarve. Quelle tente et quels piquets emporter, les r\u00e8gles relatives aux feux d&#039;\u00e9t\u00e9 et les endroits o\u00f9 vous pouvez vous installer l\u00e9galement.\" \/>\n\t\t<meta property=\"og:url\" content=\"https:\/\/farosurfrentals.com\/fr\/blog\/faire-du-camping-en-algarve-avec-une-tente-le-materiel-indispensable\/\" \/>\n\t\t<meta property=\"og:image\" content=\"https:\/\/farosurfrentals.com\/wp-content\/uploads\/2021\/03\/cropped-Logo-long-01.png\" \/>\n\t\t<meta property=\"og:image:secure_url\" content=\"https:\/\/farosurfrentals.com\/wp-content\/uploads\/2021\/03\/cropped-Logo-long-01.png\" \/>\n\t\t<meta property=\"og:image:width\" content=\"576\" \/>\n\t\t<meta property=\"og:image:height\" content=\"499\" \/>\n\t\t<meta property=\"article:published_time\" content=\"2026-08-10T07:49:51+00:00\" \/>\n\t\t<meta property=\"article:modified_time\" content=\"2026-08-10T07:49:51+00:00\" \/>\n\t\t<meta name=\"twitter:card\" content=\"summary_large_image\" \/>\n\t\t<meta name=\"twitter:title\" content=\"Camping sous tente en Algarve : le mat\u00e9riel qui compte vraiment\" \/>\n\t\t<meta name=\"twitter:description\" content=\"Le vent, le soleil et le sable mettent \u00e0 rude \u00e9preuve le mat\u00e9riel de camping inadapt\u00e9 en Algarve. Quelle tente et quels piquets emporter, les r\u00e8gles relatives aux feux d&#039;\u00e9t\u00e9 et les endroits o\u00f9 vous pouvez vous installer l\u00e9galement.\" \/>\n\t\t<meta name=\"twitter:image\" content=\"https:\/\/farosurfrentals.com\/wp-content\/uploads\/2021\/03\/cropped-Logo-long-01.png\" \/>\n\t\t<script type=\"application\/ld+json\" class=\"aioseo-schema\">\n\t\t\t{\"@context\":\"https:\\\/\\\/schema.org\",\"@graph\":[{\"@type\":\"BlogPosting\",\"@id\":\"https:\\\/\\\/farosurfrentals.com\\\/fr\\\/blog\\\/faire-du-camping-en-algarve-avec-une-tente-le-materiel-indispensable\\\/#blogposting\",\"name\":\"Camping sous tente en Algarve : le mat\\u00e9riel qui compte vraiment\",\"headline\":\"Faire du camping en Algarve avec une tente : le mat\\u00e9riel indispensable\",\"author\":{\"@id\":\"https:\\\/\\\/farosurfrentals.com\\\/fr\\\/blog\\\/author\\\/farosurfrentals\\\/#author\"},\"publisher\":{\"@id\":\"https:\\\/\\\/farosurfrentals.com\\\/fr\\\/#organization\"},\"image\":{\"@type\":\"ImageObject\",\"url\":\"https:\\\/\\\/farosurfrentals.com\\\/wp-content\\\/uploads\\\/2021\\\/03\\\/tent-only-min.jpg\",\"width\":437,\"height\":384,\"caption\":\"Tente de camping dans la nature pr\\u00e8s de Faro - FaroSurfRentals\"},\"datePublished\":\"2026-08-10T07:49:51+00:00\",\"dateModified\":\"2026-08-10T07:49:51+00:00\",\"inLanguage\":\"fr-FR\",\"mainEntityOfPage\":{\"@id\":\"https:\\\/\\\/farosurfrentals.com\\\/fr\\\/blog\\\/faire-du-camping-en-algarve-avec-une-tente-le-materiel-indispensable\\\/#webpage\"},\"isPartOf\":{\"@id\":\"https:\\\/\\\/farosurfrentals.com\\\/fr\\\/blog\\\/faire-du-camping-en-algarve-avec-une-tente-le-materiel-indispensable\\\/#webpage\"},\"articleSection\":\"Non classifi\\u00e9(e)\"},{\"@type\":\"BreadcrumbList\",\"@id\":\"https:\\\/\\\/farosurfrentals.com\\\/fr\\\/blog\\\/faire-du-camping-en-algarve-avec-une-tente-le-materiel-indispensable\\\/#breadcrumblist\",\"itemListElement\":[{\"@type\":\"ListItem\",\"@id\":\"https:\\\/\\\/farosurfrentals.com\\\/fr\\\/#listItem\",\"position\":1,\"name\":\"Home\",\"item\":\"https:\\\/\\\/farosurfrentals.com\\\/fr\\\/\",\"nextItem\":{\"@type\":\"ListItem\",\"@id\":\"https:\\\/\\\/farosurfrentals.com\\\/fr\\\/blog\\\/category\\\/non-classifiee\\\/#listItem\",\"name\":\"Non classifi\\u00e9(e)\"}},{\"@type\":\"ListItem\",\"@id\":\"https:\\\/\\\/farosurfrentals.com\\\/fr\\\/blog\\\/category\\\/non-classifiee\\\/#listItem\",\"position\":2,\"name\":\"Non classifi\\u00e9(e)\",\"item\":\"https:\\\/\\\/farosurfrentals.com\\\/fr\\\/blog\\\/category\\\/non-classifiee\\\/\",\"nextItem\":{\"@type\":\"ListItem\",\"@id\":\"https:\\\/\\\/farosurfrentals.com\\\/fr\\\/blog\\\/faire-du-camping-en-algarve-avec-une-tente-le-materiel-indispensable\\\/#listItem\",\"name\":\"Faire du camping en Algarve avec une tente : le mat\\u00e9riel indispensable\"},\"previousItem\":{\"@type\":\"ListItem\",\"@id\":\"https:\\\/\\\/farosurfrentals.com\\\/fr\\\/#listItem\",\"name\":\"Home\"}},{\"@type\":\"ListItem\",\"@id\":\"https:\\\/\\\/farosurfrentals.com\\\/fr\\\/blog\\\/faire-du-camping-en-algarve-avec-une-tente-le-materiel-indispensable\\\/#listItem\",\"position\":3,\"name\":\"Faire du camping en Algarve avec une tente : le mat\\u00e9riel indispensable\",\"previousItem\":{\"@type\":\"ListItem\",\"@id\":\"https:\\\/\\\/farosurfrentals.com\\\/fr\\\/blog\\\/category\\\/non-classifiee\\\/#listItem\",\"name\":\"Non classifi\\u00e9(e)\"}}]},{\"@type\":\"Organization\",\"@id\":\"https:\\\/\\\/farosurfrentals.com\\\/fr\\\/#organization\",\"name\":\"Faro Surf Rentals\",\"description\":\"Surf Rental Faro, Portugal\",\"url\":\"https:\\\/\\\/farosurfrentals.com\\\/fr\\\/\",\"logo\":{\"@type\":\"ImageObject\",\"url\":\"https:\\\/\\\/farosurfrentals.com\\\/wp-content\\\/uploads\\\/2021\\\/03\\\/cropped-Logo-long-01.png\",\"@id\":\"https:\\\/\\\/farosurfrentals.com\\\/fr\\\/blog\\\/faire-du-camping-en-algarve-avec-une-tente-le-materiel-indispensable\\\/#organizationLogo\",\"width\":576,\"height\":499,\"caption\":\"Faro surf rentals logo2\"},\"image\":{\"@id\":\"https:\\\/\\\/farosurfrentals.com\\\/fr\\\/blog\\\/faire-du-camping-en-algarve-avec-une-tente-le-materiel-indispensable\\\/#organizationLogo\"}},{\"@type\":\"Person\",\"@id\":\"https:\\\/\\\/farosurfrentals.com\\\/fr\\\/blog\\\/author\\\/farosurfrentals\\\/#author\",\"url\":\"https:\\\/\\\/farosurfrentals.com\\\/fr\\\/blog\\\/author\\\/farosurfrentals\\\/\",\"name\":\"farosurfrentals\",\"image\":{\"@type\":\"ImageObject\",\"@id\":\"https:\\\/\\\/farosurfrentals.com\\\/fr\\\/blog\\\/faire-du-camping-en-algarve-avec-une-tente-le-materiel-indispensable\\\/#authorImage\",\"url\":\"https:\\\/\\\/secure.gravatar.com\\\/avatar\\\/85bae6fc56dc55da370805c1d796909c96c92bfb2f343f64537c281e45724747?s=96&d=mm&r=g\",\"width\":96,\"height\":96,\"caption\":\"farosurfrentals\"}},{\"@type\":\"WebPage\",\"@id\":\"https:\\\/\\\/farosurfrentals.com\\\/fr\\\/blog\\\/faire-du-camping-en-algarve-avec-une-tente-le-materiel-indispensable\\\/#webpage\",\"url\":\"https:\\\/\\\/farosurfrentals.com\\\/fr\\\/blog\\\/faire-du-camping-en-algarve-avec-une-tente-le-materiel-indispensable\\\/\",\"name\":\"Camping sous tente en Algarve : le mat\\u00e9riel qui compte vraiment\",\"description\":\"Le vent, le soleil et le sable mettent \\u00e0 rude \\u00e9preuve le mat\\u00e9riel de camping inadapt\\u00e9 en Algarve. Quelle tente et quels piquets emporter, les r\\u00e8gles relatives aux feux d'\\u00e9t\\u00e9 et les endroits o\\u00f9 vous pouvez vous installer l\\u00e9galement.\",\"inLanguage\":\"fr-FR\",\"isPartOf\":{\"@id\":\"https:\\\/\\\/farosurfrentals.com\\\/fr\\\/#website\"},\"breadcrumb\":{\"@id\":\"https:\\\/\\\/farosurfrentals.com\\\/fr\\\/blog\\\/faire-du-camping-en-algarve-avec-une-tente-le-materiel-indispensable\\\/#breadcrumblist\"},\"author\":{\"@id\":\"https:\\\/\\\/farosurfrentals.com\\\/fr\\\/blog\\\/author\\\/farosurfrentals\\\/#author\"},\"creator\":{\"@id\":\"https:\\\/\\\/farosurfrentals.com\\\/fr\\\/blog\\\/author\\\/farosurfrentals\\\/#author\"},\"image\":{\"@type\":\"ImageObject\",\"url\":\"https:\\\/\\\/farosurfrentals.com\\\/wp-content\\\/uploads\\\/2021\\\/03\\\/tent-only-min.jpg\",\"@id\":\"https:\\\/\\\/farosurfrentals.com\\\/fr\\\/blog\\\/faire-du-camping-en-algarve-avec-une-tente-le-materiel-indispensable\\\/#mainImage\",\"width\":437,\"height\":384,\"caption\":\"Tente de camping dans la nature pr\\u00e8s de Faro - FaroSurfRentals\"},\"primaryImageOfPage\":{\"@id\":\"https:\\\/\\\/farosurfrentals.com\\\/fr\\\/blog\\\/faire-du-camping-en-algarve-avec-une-tente-le-materiel-indispensable\\\/#mainImage\"},\"datePublished\":\"2026-08-10T07:49:51+00:00\",\"dateModified\":\"2026-08-10T07:49:51+00:00\"},{\"@type\":\"WebSite\",\"@id\":\"https:\\\/\\\/farosurfrentals.com\\\/fr\\\/#website\",\"url\":\"https:\\\/\\\/farosurfrentals.com\\\/fr\\\/\",\"name\":\"Faro Surf Rentals\",\"description\":\"Surf Rental Faro, Portugal\",\"inLanguage\":\"fr-FR\",\"publisher\":{\"@id\":\"https:\\\/\\\/farosurfrentals.com\\\/fr\\\/#organization\"}}]}\n\t\t<\/script>\n\t\t<!-- All in One SEO -->\n\n","aioseo_head_json":{"title":"Camping sous tente en Algarve : le mat\u00e9riel qui compte vraiment","description":"Le vent, le soleil et le sable mettent \u00e0 rude \u00e9preuve le mat\u00e9riel de camping inadapt\u00e9 en Algarve. Quelle tente et quels piquets emporter, les r\u00e8gles relatives aux feux d'\u00e9t\u00e9 et les endroits o\u00f9 vous pouvez vous installer l\u00e9galement.","canonical_url":"https:\/\/farosurfrentals.com\/fr\/blog\/faire-du-camping-en-algarve-avec-une-tente-le-materiel-indispensable\/","robots":"max-image-preview:large","keywords":"","webmasterTools":{"miscellaneous":""},"schema":{"@context":"https:\/\/schema.org","@graph":[{"@type":"BlogPosting","@id":"https:\/\/farosurfrentals.com\/fr\/blog\/faire-du-camping-en-algarve-avec-une-tente-le-materiel-indispensable\/#blogposting","name":"Camping sous tente en Algarve : le mat\u00e9riel qui compte vraiment","headline":"Faire du camping en Algarve avec une tente : le mat\u00e9riel indispensable","author":{"@id":"https:\/\/farosurfrentals.com\/fr\/blog\/author\/farosurfrentals\/#author"},"publisher":{"@id":"https:\/\/farosurfrentals.com\/fr\/#organization"},"image":{"@type":"ImageObject","url":"https:\/\/farosurfrentals.com\/wp-content\/uploads\/2021\/03\/tent-only-min.jpg","width":437,"height":384,"caption":"Tente de camping dans la nature pr\u00e8s de Faro - FaroSurfRentals"},"datePublished":"2026-08-10T07:49:51+00:00","dateModified":"2026-08-10T07:49:51+00:00","inLanguage":"fr-FR","mainEntityOfPage":{"@id":"https:\/\/farosurfrentals.com\/fr\/blog\/faire-du-camping-en-algarve-avec-une-tente-le-materiel-indispensable\/#webpage"},"isPartOf":{"@id":"https:\/\/farosurfrentals.com\/fr\/blog\/faire-du-camping-en-algarve-avec-une-tente-le-materiel-indispensable\/#webpage"},"articleSection":"Non classifi\u00e9(e)"},{"@type":"BreadcrumbList","@id":"https:\/\/farosurfrentals.com\/fr\/blog\/faire-du-camping-en-algarve-avec-une-tente-le-materiel-indispensable\/#breadcrumblist","itemListElement":[{"@type":"ListItem","@id":"https:\/\/farosurfrentals.com\/fr\/#listItem","position":1,"name":"Home","item":"https:\/\/farosurfrentals.com\/fr\/","nextItem":{"@type":"ListItem","@id":"https:\/\/farosurfrentals.com\/fr\/blog\/category\/non-classifiee\/#listItem","name":"Non classifi\u00e9(e)"}},{"@type":"ListItem","@id":"https:\/\/farosurfrentals.com\/fr\/blog\/category\/non-classifiee\/#listItem","position":2,"name":"Non classifi\u00e9(e)","item":"https:\/\/farosurfrentals.com\/fr\/blog\/category\/non-classifiee\/","nextItem":{"@type":"ListItem","@id":"https:\/\/farosurfrentals.com\/fr\/blog\/faire-du-camping-en-algarve-avec-une-tente-le-materiel-indispensable\/#listItem","name":"Faire du camping en Algarve avec une tente : le mat\u00e9riel indispensable"},"previousItem":{"@type":"ListItem","@id":"https:\/\/farosurfrentals.com\/fr\/#listItem","name":"Home"}},{"@type":"ListItem","@id":"https:\/\/farosurfrentals.com\/fr\/blog\/faire-du-camping-en-algarve-avec-une-tente-le-materiel-indispensable\/#listItem","position":3,"name":"Faire du camping en Algarve avec une tente : le mat\u00e9riel indispensable","previousItem":{"@type":"ListItem","@id":"https:\/\/farosurfrentals.com\/fr\/blog\/category\/non-classifiee\/#listItem","name":"Non classifi\u00e9(e)"}}]},{"@type":"Organization","@id":"https:\/\/farosurfrentals.com\/fr\/#organization","name":"Faro Surf Rentals","description":"Surf Rental Faro, Portugal","url":"https:\/\/farosurfrentals.com\/fr\/","logo":{"@type":"ImageObject","url":"https:\/\/farosurfrentals.com\/wp-content\/uploads\/2021\/03\/cropped-Logo-long-01.png","@id":"https:\/\/farosurfrentals.com\/fr\/blog\/faire-du-camping-en-algarve-avec-une-tente-le-materiel-indispensable\/#organizationLogo","width":576,"height":499,"caption":"Faro surf rentals logo2"},"image":{"@id":"https:\/\/farosurfrentals.com\/fr\/blog\/faire-du-camping-en-algarve-avec-une-tente-le-materiel-indispensable\/#organizationLogo"}},{"@type":"Person","@id":"https:\/\/farosurfrentals.com\/fr\/blog\/author\/farosurfrentals\/#author","url":"https:\/\/farosurfrentals.com\/fr\/blog\/author\/farosurfrentals\/","name":"farosurfrentals","image":{"@type":"ImageObject","@id":"https:\/\/farosurfrentals.com\/fr\/blog\/faire-du-camping-en-algarve-avec-une-tente-le-materiel-indispensable\/#authorImage","url":"https:\/\/secure.gravatar.com\/avatar\/85bae6fc56dc55da370805c1d796909c96c92bfb2f343f64537c281e45724747?s=96&d=mm&r=g","width":96,"height":96,"caption":"farosurfrentals"}},{"@type":"WebPage","@id":"https:\/\/farosurfrentals.com\/fr\/blog\/faire-du-camping-en-algarve-avec-une-tente-le-materiel-indispensable\/#webpage","url":"https:\/\/farosurfrentals.com\/fr\/blog\/faire-du-camping-en-algarve-avec-une-tente-le-materiel-indispensable\/","name":"Camping sous tente en Algarve : le mat\u00e9riel qui compte vraiment","description":"Le vent, le soleil et le sable mettent \u00e0 rude \u00e9preuve le mat\u00e9riel de camping inadapt\u00e9 en Algarve. Quelle tente et quels piquets emporter, les r\u00e8gles relatives aux feux d'\u00e9t\u00e9 et les endroits o\u00f9 vous pouvez vous installer l\u00e9galement.","inLanguage":"fr-FR","isPartOf":{"@id":"https:\/\/farosurfrentals.com\/fr\/#website"},"breadcrumb":{"@id":"https:\/\/farosurfrentals.com\/fr\/blog\/faire-du-camping-en-algarve-avec-une-tente-le-materiel-indispensable\/#breadcrumblist"},"author":{"@id":"https:\/\/farosurfrentals.com\/fr\/blog\/author\/farosurfrentals\/#author"},"creator":{"@id":"https:\/\/farosurfrentals.com\/fr\/blog\/author\/farosurfrentals\/#author"},"image":{"@type":"ImageObject","url":"https:\/\/farosurfrentals.com\/wp-content\/uploads\/2021\/03\/tent-only-min.jpg","@id":"https:\/\/farosurfrentals.com\/fr\/blog\/faire-du-camping-en-algarve-avec-une-tente-le-materiel-indispensable\/#mainImage","width":437,"height":384,"caption":"Tente de camping dans la nature pr\u00e8s de Faro - FaroSurfRentals"},"primaryImageOfPage":{"@id":"https:\/\/farosurfrentals.com\/fr\/blog\/faire-du-camping-en-algarve-avec-une-tente-le-materiel-indispensable\/#mainImage"},"datePublished":"2026-08-10T07:49:51+00:00","dateModified":"2026-08-10T07:49:51+00:00"},{"@type":"WebSite","@id":"https:\/\/farosurfrentals.com\/fr\/#website","url":"https:\/\/farosurfrentals.com\/fr\/","name":"Faro Surf Rentals","description":"Surf Rental Faro, Portugal","inLanguage":"fr-FR","publisher":{"@id":"https:\/\/farosurfrentals.com\/fr\/#organization"}}]},"og:locale":"fr_FR","og:site_name":"Faro Surf Rentals - Surf Rental Faro, Portugal","og:type":"article","og:title":"Camping sous tente en Algarve : le mat\u00e9riel qui compte vraiment","og:description":"Le vent, le soleil et le sable mettent \u00e0 rude \u00e9preuve le mat\u00e9riel de camping inadapt\u00e9 en Algarve. Quelle tente et quels piquets emporter, les r\u00e8gles relatives aux feux d'\u00e9t\u00e9 et les endroits o\u00f9 vous pouvez vous installer l\u00e9galement.","og:url":"https:\/\/farosurfrentals.com\/fr\/blog\/faire-du-camping-en-algarve-avec-une-tente-le-materiel-indispensable\/","og:image":"https:\/\/farosurfrentals.com\/wp-content\/uploads\/2021\/03\/cropped-Logo-long-01.png","og:image:secure_url":"https:\/\/farosurfrentals.com\/wp-content\/uploads\/2021\/03\/cropped-Logo-long-01.png","og:image:width":576,"og:image:height":499,"article:published_time":"2026-08-10T07:49:51+00:00","article:modified_time":"2026-08-10T07:49:51+00:00","twitter:card":"summary_large_image","twitter:title":"Camping sous tente en Algarve : le mat\u00e9riel qui compte vraiment","twitter:description":"Le vent, le soleil et le sable mettent \u00e0 rude \u00e9preuve le mat\u00e9riel de camping inadapt\u00e9 en Algarve. Quelle tente et quels piquets emporter, les r\u00e8gles relatives aux feux d'\u00e9t\u00e9 et les endroits o\u00f9 vous pouvez vous installer l\u00e9galement.","twitter:image":"https:\/\/farosurfrentals.com\/wp-content\/uploads\/2021\/03\/cropped-Logo-long-01.png"},"aioseo_meta_data":{"post_id":"15929","title":"Camping sous tente en Algarve : le mat\u00e9riel qui compte vraiment","description":"Le vent, le soleil et le sable mettent \u00e0 rude \u00e9preuve le mat\u00e9riel de camping inadapt\u00e9 en Algarve. Quelle tente et quels piquets emporter, les r\u00e8gles relatives aux feux d'\u00e9t\u00e9 et les endroits o\u00f9 vous pouvez vous installer l\u00e9galement. ","keywords":null,"keyphrases":{"focus":[],"additional":[]},"primary_term":null,"canonical_url":null,"og_title":null,"og_description":null,"og_object_type":"default","og_image_type":"default","og_image_url":null,"og_image_width":null,"og_image_height":null,"og_image_custom_url":null,"og_image_custom_fields":null,"og_video":"","og_custom_url":null,"og_article_section":null,"og_article_tags":null,"twitter_use_og":false,"twitter_card":"default","twitter_image_type":"default","twitter_image_url":null,"twitter_image_custom_url":null,"twitter_image_custom_fields":null,"twitter_title":null,"twitter_description":null,"schema":{"blockGraphs":[],"customGraphs":[],"default":{"data":{"Article":[],"Course":[],"Dataset":[],"FAQPage":[],"Movie":[],"Person":[],"Product":[],"ProductReview":[],"Car":[],"Recipe":[],"Service":[],"SoftwareApplication":[],"WebPage":[]},"graphName":"BlogPosting","isEnabled":true},"graphs":[]},"schema_type":"default","schema_type_options":null,"pillar_content":false,"robots_default":true,"robots_noindex":false,"robots_noarchive":false,"robots_nosnippet":false,"robots_nofollow":false,"robots_noimageindex":false,"robots_noodp":false,"robots_notranslate":false,"robots_max_snippet":"-1","robots_max_videopreview":"-1","robots_max_imagepreview":"large","priority":null,"frequency":"default","local_seo":null,"breadcrumb_settings":null,"limit_modified_date":false,"ai":{"faqs":[],"keyPoints":[],"schemas":[],"titles":[],"descriptions":[],"socialPosts":{"email":[],"linkedin":[],"twitter":[],"facebook":[],"instagram":[]}},"created":"2026-09-04 10:58:07","updated":"2026-09-04 10:58:07","seo_analyzer_scan_date":null,"focus_keyword":null,"additional_keywords":null,"truseo_locale":null},"aioseo_breadcrumb":"<div class=\"aioseo-breadcrumbs\"><span class=\"aioseo-breadcrumb\">\n\t\t\t<a href=\"https:\/\/farosurfrentals.com\/fr\/\" title=\"Home\">Home<\/a>\n\t\t<\/span><span class=\"aioseo-breadcrumb-separator\">&raquo;<\/span><span class=\"aioseo-breadcrumb\">\n\t\t\t<a href=\"https:\/\/farosurfrentals.com\/fr\/blog\/category\/non-classifiee\/\" title=\"Non classifi\u00e9(e)\">Non classifi\u00e9(e)<\/a>\n\t\t<\/span><span class=\"aioseo-breadcrumb-separator\">&raquo;<\/span><span class=\"aioseo-breadcrumb\">\n\t\t\tFaire du camping en Algarve avec une tente : le mat\u00e9riel indispensable\n\t\t<\/span><\/div>","aioseo_breadcrumb_json":[{"label":"Home","link":"https:\/\/farosurfrentals.com\/fr\/"},{"label":"Non classifi\u00e9(e)","link":"https:\/\/farosurfrentals.com\/fr\/blog\/category\/non-classifiee\/"},{"label":"Faire du camping en Algarve avec une tente : le mat\u00e9riel indispensable","link":"https:\/\/farosurfrentals.com\/fr\/blog\/faire-du-camping-en-algarve-avec-une-tente-le-materiel-indispensable\/"}],"_links":{"self":[{"href":"https:\/\/farosurfrentals.com\/fr\/wp-json\/wp\/v2\/posts\/15929","targetHints":{"allow":["GET"]}}],"collection":[{"href":"https:\/\/farosurfrentals.com\/fr\/wp-json\/wp\/v2\/posts"}],"about":[{"href":"https:\/\/farosurfrentals.com\/fr\/wp-json\/wp\/v2\/types\/post"}],"author":[{"embeddable":true,"href":"https:\/\/farosurfrentals.com\/fr\/wp-json\/wp\/v2\/users\/2"}],"replies":[{"embeddable":true,"href":"https:\/\/farosurfrentals.com\/fr\/wp-json\/wp\/v2\/comments?post=15929"}],"version-history":[{"count":0,"href":"https:\/\/farosurfrentals.com\/fr\/wp-json\/wp\/v2\/posts\/15929\/revisions"}],"wp:featuredmedia":[{"embeddable":true,"href":"https:\/\/farosurfrentals.com\/fr\/wp-json\/wp\/v2\/media\/14642"}],"wp:attachment":[{"href":"https:\/\/farosurfrentals.com\/fr\/wp-json\/wp\/v2\/media?parent=15929"}],"wp:term":[{"taxonomy":"category","embeddable":true,"href":"https:\/\/farosurfrentals.com\/fr\/wp-json\/wp\/v2\/categories?post=15929"},{"taxonomy":"post_tag","embeddable":true,"href":"https:\/\/farosurfrentals.com\/fr\/wp-json\/wp\/v2\/tags?post=15929"}],"curies":[{"name":"wp","href":"https:\/\/api.w.org\/{rel}","templated":true}]}}