{"id":15920,"date":"2026-08-10T07:41:48","date_gmt":"2026-08-10T07:41:48","guid":{"rendered":"https:\/\/farosurfrentals.com\/blog\/comment-se-rendre-de-laeroport-de-faro-a-praia-de-faro-avec-ou-sans-planche\/"},"modified":"2026-08-10T07:41:48","modified_gmt":"2026-08-10T07:41:48","slug":"comment-se-rendre-de-laeroport-de-faro-a-praia-de-faro-avec-ou-sans-planche","status":"publish","type":"post","link":"https:\/\/farosurfrentals.com\/fr\/blog\/comment-se-rendre-de-laeroport-de-faro-a-praia-de-faro-avec-ou-sans-planche\/","title":{"rendered":"Comment se rendre de l&rsquo;a\u00e9roport de Faro \u00e0 Praia de Faro, avec ou sans planche"},"content":{"rendered":"<p>L&rsquo;a\u00e9roport de Faro est plus proche de la plage que de la ville. Cela surprend souvent les gens. La piste se trouve au bord de la lagune de la Ria Formosa, et la Praia de Faro, cette longue plage de sable situ\u00e9e de l&rsquo;autre c\u00f4t\u00e9 de la lagune, est \u00e0 moins de 4 km par la route. Vous pouvez atterrir, r\u00e9cup\u00e9rer vos bagages et vous retrouver les pieds dans le sable en une vingtaine de minutes.   <\/p>\n<p>S&rsquo;y rendre avec une planche de surf, c&rsquo;est une autre histoire, et c&rsquo;est une question \u00e0 laquelle personne ne r\u00e9pond vraiment. Voici la v\u00e9rit\u00e9. <\/p>\n<h2>Le bus<\/h2>\n<p>La ligne 16, exploit\u00e9e par Proximo, est celle qu&rsquo;il vous faut. Elle relie la gare routi\u00e8re de Faro, en centre-ville, \u00e0 Praia de Faro, et l&rsquo;a\u00e9roport se trouvant \u00e0 mi-chemin sur ce trajet, cette m\u00eame ligne dessert les deux sens. <\/p>\n<p>Regardez le panneau indiquant la destination \u00e0 l&rsquo;avant du bus. S&rsquo;il indique \u00ab Praia de Faro \u00bb, le bus se rend \u00e0 la plage. S&rsquo;il indique \u00ab T. Rodoviario \u00bb, il se rend en ville. Les gens se trompent sans cesse et finissent par faire le tour complet.   <\/p>\n<p>Le prix du trajet est de quelques euros, \u00e0 r\u00e9gler en esp\u00e8ces au chauffeur, et le trajet entre l&rsquo;a\u00e9roport et la plage dure environ cinq minutes. La fr\u00e9quence est d&rsquo;environ toutes les quinze minutes pendant la journ\u00e9e en \u00e9t\u00e9 et toutes les demi-heures le week-end et en basse saison. V\u00e9rifiez les horaires en vigueur avant de vous y fier, car la fr\u00e9quence des d\u00e9parts diminue consid\u00e9rablement en hiver.  <\/p>\n<h2>Taxi, Uber et Bolt<\/h2>\n<p>Il y a une station de taxis juste \u00e0 la sortie du hall des arriv\u00e9es. Le trajet jusqu&rsquo;\u00e0 la plage est court ; comptez donc environ dix euros, avec un petit suppl\u00e9ment pour les bagages et des tarifs plus \u00e9lev\u00e9s la nuit et le week-end. <\/p>\n<p>Uber et Bolt sont tous deux pr\u00e9sents \u00e0 l&rsquo;a\u00e9roport de Faro et proposent g\u00e9n\u00e9ralement des tarifs inf\u00e9rieurs de quelques euros. Vous devez disposer d&rsquo;une connexion Internet mobile pour effectuer une r\u00e9servation. En juillet et en ao\u00fbt, les prix augmentent car le nombre de passagers est sup\u00e9rieur \u00e0 celui des chauffeurs. <\/p>\n<h2>La marche et le v\u00e9lo<\/h2>\n<p>Vous pouvez y aller \u00e0 pied. Le trajet dure environ 45 minutes : il faut longer la route, traverser le pont et rejoindre le banc de sable. Le terrain est plat et la balade n&rsquo;est pas d\u00e9sagr\u00e9able t\u00f4t le matin, mais il n&rsquo;y a pas d&rsquo;ombre et la route est \u00e9troite par endroits. C&rsquo;est tout \u00e0 fait faisable avec un sac \u00e0 dos, mais irr\u00e9aliste en ao\u00fbt, en milieu de journ\u00e9e.   <\/p>\n<p>Le v\u00e9lo est plus rapide et les habitants l&rsquo;utilisent, mais le tron\u00e7on sur le pont est \u00e9troit et il n&rsquo;y a pas de piste cyclable s\u00e9par\u00e9e sur tout le parcours.<\/p>\n<h2>Venons-en maintenant au probl\u00e8me proprement dit<\/h2>\n<p>Toutes les options ci-dessus ne sont plus envisageables d\u00e8s lors que vous transportez une planche de 7 ou 8 pieds.<\/p>\n<p>Un bus local ne l&rsquo;acceptera pas, et m\u00eame si un chauffeur vous faisait signe de monter, vous seriez cette personne qui encombre l&rsquo;all\u00e9e lors d&rsquo;un trajet de quinze minutes en haute saison. Un taxi classique ne peut pas le transporter, et les chauffeurs Uber et Bolt qui arrivent en berline annuleront la course d\u00e8s qu&rsquo;ils verront ce que vous tenez. Marcher 45 minutes avec une planche sous le bras sous la chaleur de l&rsquo;Algarve, c&rsquo;est un apr\u00e8s-midi bien g\u00e2ch\u00e9.  <\/p>\n<p>Ainsi, dans le cas d&rsquo;un conseil d&rsquo;administration, il existe en r\u00e9alit\u00e9 deux solutions envisageables.<\/p>\n<p><strong>Une voiture de location \u00e9quip\u00e9e d&rsquo;une galerie de toit ou de sangles.<\/strong>  La plupart des voitures de location \u00e0 Faro sont \u00e9quip\u00e9es de barres de toit simples, voire d&rsquo;aucun \u00e9quipement de ce type ; vous aurez donc besoin de sangles souples, qui s&rsquo;installent sur le toit en passant par les encadrements de porti\u00e8res et maintiennent la planche \u00e0 plat. Leur location ne co\u00fbte presque rien et elles font toute la diff\u00e9rence entre un voyage r\u00e9ussi et un voyage rat\u00e9. <\/p>\n<p><strong>Ou alors, n&rsquo;apportez pas de planche du tout.<\/strong>  Si votre planche de surf est la seule raison pour laquelle vous avez besoin d&rsquo;une voiture plus grande, le calcul n&rsquo;a souvent plus de sens. Les compagnies a\u00e9riennes facturent soixante euros ou plus par trajet pour en transporter une, et nous abordons ce sujet en d\u00e9tail dans <a href=\"https:\/\/farosurfrentals.com\/fr\/blog\/prendre-lavion-pour-faro-avec-une-planche-de-surf-combien-cela-coute-t-il-et-dans-quels-cas-est-il-plus-avantageux-de-la-louer\/\">notre article consacr\u00e9 aux tarifs pratiqu\u00e9s par les compagnies a\u00e9riennes pour le transport des planches de surf<\/a>. <\/p>\n<h2>\u00c0 quoi ressemble r\u00e9ellement la Praia de Faro ?<\/h2>\n<p>Autant \u00eatre clair sur ce point. Praia de Faro est une longue plage de sable \u00e0 l\u2019horizon d\u00e9gag\u00e9, situ\u00e9e sur une \u00eele-barri\u00e8re, avec l\u2019oc\u00e9an d\u2019un c\u00f4t\u00e9 et la lagune de l\u2019autre. C\u2019est un endroit charmant pour se baigner, pagayer et passer la journ\u00e9e, et c\u2019est l\u00e0 qu\u2019il faut vous rendre si vous disposez de quelques heures entre deux vols.  <\/p>\n<p>Ce n&rsquo;est pas une plage de surf fiable. Orient\u00e9e vers le sud, elle est \u00e0 l&rsquo;abri de la houle de l&rsquo;Atlantique qui frappe la c\u00f4te ouest, et reste calme pendant la majeure partie de l&rsquo;\u00e9t\u00e9. Elle se r\u00e9veille toutefois lors d&rsquo;une forte houle hivernale venant du sud, et lorsque cela se produit, elle offre l&rsquo;une des vagues les plus accessibles de la r\u00e9gion. Mais si le surf est le but de votre voyage, les vagues se trouvent sur la c\u00f4te ouest, \u00e0 une heure et demie de route. Nous avons expliqu\u00e9 <a href=\"https:\/\/farosurfrentals.com\/fr\/blog\/le-surf-en-algarve-pour-les-debutants-quelle-cote-choisir-selon-la-saison\/\">ici<\/a> quelle c\u00f4te est la plus propice \u00e0 chaque saison.    <\/p>\n<p>C&rsquo;est du c\u00f4t\u00e9 de la lagune que la Praia de Faro r\u00e9v\u00e8le tout son charme. Une eau calme, peu profonde et chaude, qui commence juste au bord du sable : l&rsquo;endroit id\u00e9al pour faire du paddle. C&rsquo;est d&rsquo;ailleurs pour cette raison que la plupart de nos locations de SUP commencent ici.  <\/p>\n<h2>La r\u00e9ponse en bref<\/h2>\n<p>Sans planche : prenez la ligne 16, cinq minutes, quelques euros.<\/p>\n<p>Si vous avez une planche : louez une voiture avec des sangles de toit, ou venez plut\u00f4t r\u00e9cup\u00e9rer votre mat\u00e9riel ici. Nous sommes situ\u00e9s \u00e0 1,5 km de l&rsquo;a\u00e9roport, sur le chemin de la plage. Vous pouvez donc r\u00e9cup\u00e9rer une <a href=\"https:\/\/farosurfrentals.com\/fr\/blog\/la-location-de-planches-de-surf-a-faro-en-toute-simplicite-retrait-rapide-pres-de-laeroport\/\">planche de surf<\/a> ou un <a href=\"https:\/\/farosurfrentals.com\/fr\/blog\/location-de-sup-a-faro-simple-ludique-et-a-proximite-de-laeroport\/\">paddleboard<\/a> \u00e0 la sortie du hall des arriv\u00e9es et vous mettre \u00e0 l&rsquo;eau le matin m\u00eame. Des sangles de toit sont disponibles \u00e0 la location si votre voiture n&rsquo;est pas \u00e9quip\u00e9e d&rsquo;un porte-bagages.  <\/p>\n<h2>Cr\u00e9dits photos<\/h2>\n<p>Photo de la Praia de Faro prise par Vitor Oliveira, sous licence <a href=\"https:\/\/creativecommons.org\/licenses\/by-sa\/2.0\/\" rel=\"noopener nofollow\">CC BY-SA 2.0<\/a>, via <a href=\"https:\/\/commons.wikimedia.org\/wiki\/File:Praia_de_Faro_-_Portugal_(6697971433).jpg\" rel=\"noopener nofollow\">Wikimedia Commons<\/a>. Redimensionn\u00e9e pour cette page. <\/p>\n<h2>R\u00e9servez votre \u00e9quipement<\/h2>\n<p>Tout ce qui est pr\u00e9sent\u00e9 ici se trouve \u00e0 1,5 km de l&rsquo;a\u00e9roport de Faro, sur le chemin menant aux arriv\u00e9es. Choisissez vos dates et v\u00e9rifiez les disponibilit\u00e9s ci-dessous. <\/p>\n\n<div class=\"wrap plugin-container\">\n\n\t\n\t\n\t<div class=\"vri-page-content\">\r\n<h3 class=\"vri-page-head-title\">Faro Surf Rentals<\/h3>\t<div class=\"vrilistcontainer\">\r\n\t\t<div class=\"vri-list-item-block\">\r\n\t\t\t<div class=\"vri-list-item-inner\">\r\n\t\t\t\t\t\t\t<div class=\"vri-list-item-img\">\r\n\t\t\t\t\t<img decoding=\"async\" src=\"https:\/\/farosurfrentals.com\/wp-content\/plugins\/vikrentitems\/admin\/resources\/vthumb_surf_racks_chat_gdp_1.png\" alt=\"\" class=\"vrilistimg\"\/>\r\n\t\t\t\t<\/div>\r\n\t\t\t\t\t\t\t\t<div class=\"vri-list-item-descr\">\r\n\t\t\t\t\t<span class=\"vrilistitemname\">Car Roof Rack Surf<\/span>\r\n\t\t\t\t\t<span class=\"vrilistitemcat\">Sports nautiques, Autre<\/span>\r\n\t\t\t\t\t<div class=\"vrilistitemdescr\">\r\n\t\t\t\t\t\t<p>Up to 3 surfboards<\/p>\n\t\t\t\t\t<\/div>\r\n\t\t\t\t\t\t\t\t<\/div>\r\n\t\t\t<\/div>\r\n\t\t\t<div class=\"vri-list-item-cont\">\r\n\t\t\t\t<div class=\"vrilistcostdivcont\">\r\n\t\t\t\t\t\t\t\t\t\t<div class=\"vrilistdivcost\">\r\n\t\t\t\t\t\t<span class=\"vriliststartfrom\">Starting From<\/span>\r\n\t\t\t\t\t\t<span class=\"item_cost\">\u20ac 5.00<\/span>\r\n\t\t\t\t\t\t<span class=\"vriliststartfromtext\">per Hour<\/span>\r\n\t\t\t\t\t<\/div>\r\n\t\t\t\t\t\t\t\t\t\t<span class=\"vrilistgoonlist\"><a href=\"https:\/\/farosurfrentals.com\/fr\/louer-bodyboard-faro-portugal\/?elemid=24\">View Details<\/a><\/span>\r\n\t\t\t\t<\/div>\r\n\t\t\t<\/div>\r\n\t\t<\/div>\r\n\t\t\t<div class=\"vri-list-item-block\">\r\n\t\t\t<div class=\"vri-list-item-inner\">\r\n\t\t\t\t\t\t\t<div class=\"vri-list-item-img\">\r\n\t\t\t\t\t<img decoding=\"async\" src=\"https:\/\/farosurfrentals.com\/wp-content\/plugins\/vikrentitems\/admin\/resources\/vthumb_snorkle_set_white.jpg\" alt=\"\" class=\"vrilistimg\"\/>\r\n\t\t\t\t<\/div>\r\n\t\t\t\t\t\t\t\t<div class=\"vri-list-item-descr\">\r\n\t\t\t\t\t<span class=\"vrilistitemname\">Ensemble de plong\u00e9e en apn\u00e9e<\/span>\r\n\t\t\t\t\t<span class=\"vrilistitemcat\">Sports nautiques<\/span>\r\n\t\t\t\t\t<div class=\"vrilistitemdescr\">\r\n\t\t\t\t\t\t<p>Ensemble tuba : lunettes + tube tuba +<br \/>\nPalmes (pointure : 37-38, 39-42, 43-45)<\/p>\n\t\t\t\t\t<\/div>\r\n\t\t\t\t\t\t\t\t<\/div>\r\n\t\t\t<\/div>\r\n\t\t\t<div class=\"vri-list-item-cont\">\r\n\t\t\t\t<div class=\"vrilistcostdivcont\">\r\n\t\t\t\t\t\t\t\t\t\t<div class=\"vrilistdivcost\">\r\n\t\t\t\t\t\t<span class=\"vriliststartfrom\">Starting From<\/span>\r\n\t\t\t\t\t\t<span class=\"item_cost\">\u20ac 5.00<\/span>\r\n\t\t\t\t\t\t<span class=\"vriliststartfromtext\">per Day<\/span>\r\n\t\t\t\t\t<\/div>\r\n\t\t\t\t\t\t\t\t\t\t<span class=\"vrilistgoonlist\"><a href=\"https:\/\/farosurfrentals.com\/fr\/blog\/comment-se-rendre-de-laeroport-de-faro-a-praia-de-faro-avec-ou-sans-planche\/?option=com_vikrentitems&amp;view=itemdetails&amp;elemid=6\">View Details<\/a><\/span>\r\n\t\t\t\t<\/div>\r\n\t\t\t<\/div>\r\n\t\t<\/div>\r\n\t\t\t<div class=\"vri-list-item-block\">\r\n\t\t\t<div class=\"vri-list-item-inner\">\r\n\t\t\t\t\t\t\t<div class=\"vri-list-item-img\">\r\n\t\t\t\t\t<img decoding=\"async\" src=\"https:\/\/farosurfrentals.com\/wp-content\/plugins\/vikrentitems\/admin\/resources\/vthumb_adobestock_1130219670.jpeg\" alt=\"\" class=\"vrilistimg\"\/>\r\n\t\t\t\t<\/div>\r\n\t\t\t\t\t\t\t\t<div class=\"vri-list-item-descr\">\r\n\t\t\t\t\t<span class=\"vrilistitemname\">Combinaison de plong\u00e9e<\/span>\r\n\t\t\t\t\t<span class=\"vrilistitemcat\">Sports nautiques<\/span>\r\n\t\t\t\t\t<div class=\"vrilistitemdescr\">\r\n\t\t\t\t\t\t<p>Des ccombinaison de plong\u00e9e tailles, parfaites pour les temp\u00e9ratures de l'eau portugaise.<\/p>\n\t\t\t\t\t<\/div>\r\n\t\t\t\t\t\t\t\t<\/div>\r\n\t\t\t<\/div>\r\n\t\t\t<div class=\"vri-list-item-cont\">\r\n\t\t\t\t<div class=\"vrilistcostdivcont\">\r\n\t\t\t\t\t\t\t\t\t\t<div class=\"vrilistdivcost\">\r\n\t\t\t\t\t\t<span class=\"vriliststartfrom\">Starting From<\/span>\r\n\t\t\t\t\t\t<span class=\"item_cost\">\u20ac 3.00<\/span>\r\n\t\t\t\t\t\t<span class=\"vriliststartfromtext\">per Day<\/span>\r\n\t\t\t\t\t<\/div>\r\n\t\t\t\t\t\t\t\t\t\t<span class=\"vrilistgoonlist\"><a href=\"https:\/\/farosurfrentals.com\/fr\/blog\/comment-se-rendre-de-laeroport-de-faro-a-praia-de-faro-avec-ou-sans-planche\/?option=com_vikrentitems&amp;view=itemdetails&amp;elemid=9\">View Details<\/a><\/span>\r\n\t\t\t\t<\/div>\r\n\t\t\t<\/div>\r\n\t\t<\/div>\r\n\t\t<\/div>\r\n\r\n\t<div class=\"vri-pagination\">\n<div class=\"tablenav bottom\">\n\n\t<div class=\"tablenav-pages\">\n\t\t<span class=\"displaying-num\">15 items<\/span>\n\n\t\t<span class=\"pagination-links\">\n\n\t\t\t\t\t\t\n\t\t\t\t<span class=\"tablenav-pages-navspan button disabled\" aria-hidden=\"true\">\u00ab<\/span>\n\n\t\t\t\n\t\t\t\t\t\t\n\t\t\t\t<span class=\"tablenav-pages-navspan button disabled\" aria-hidden=\"true\">\u2039<\/span>\n\n\t\t\t\n\t\t\t<span class=\"screen-reader-text\">Current Page<\/span>\n\t\t\t<span id=\"table-paging\" class=\"paging-input\">\n\t\t\t\t<span class=\"tablenav-paging-text\">\n\t\t\t\t\t1 of <span class=\"total-pages\">5<\/span>\t\t\t\t<\/span>\n\t\t\t<\/span>\n\n\t\t\t\n\t\t\t\t<a class=\"next-page button\" href=\"https:\/\/farosurfrentals.com\/fr\/wp-json\/wp\/v2\/posts\/15920?limitstart=3\">\n\t\t\t\t\t<span class=\"screen-reader-text\">Next page<\/span>\n\t\t\t\t\t<span aria-hidden=\"true\">\u203a<\/span>\n\t\t\t\t<\/a>\n\n\t\t\t\t\t\t\n\t\t\t\n\t\t\t\t<a class=\"last-page button\" href=\"https:\/\/farosurfrentals.com\/fr\/wp-json\/wp\/v2\/posts\/15920?limitstart=12\">\n\t\t\t\t\t<span class=\"screen-reader-text\">Last page<\/span>\n\t\t\t\t\t<span aria-hidden=\"true\">\u00bb<\/span>\n\t\t\t\t<\/a>\n\n\t\t\t\n\t\t<\/span>\n\t<\/div>\n\n\t<br class=\"clear\">\n\n<\/div>\n<\/div>\r\n\t<\/div>\r\n\n<\/div>\n\n","protected":false},"excerpt":{"rendered":"<p>Praia de Faro se trouve \u00e0 moins de 4 km de l&rsquo;a\u00e9roport. Les options de transport en bus, en taxi ou \u00e0 pied, et ce qui fonctionne r\u00e9ellement lorsque vous transportez une planche de surf. <\/p>\n","protected":false},"author":2,"featured_media":0,"comment_status":"closed","ping_status":"closed","sticky":false,"template":"","format":"standard","meta":{"footnotes":""},"categories":[50],"tags":[],"class_list":["post-15920","post","type-post","status-publish","format-standard","hentry","category-non-classifiee"],"aioseo_notices":[],"aioseo_head":"\n\t\t<!-- All in One SEO 5.0.1.1 - aioseo.com -->\n\t<meta name=\"description\" content=\"Praia de Faro se trouve \u00e0 moins de 4 km de l&#039;a\u00e9roport de Faro. L&#039;itin\u00e9raire de la ligne de bus n\u00b0 16, les tarifs des taxis et d&#039;Uber, les temps de trajet \u00e0 pied, et ce qui est r\u00e9ellement pratique lorsque l&#039;on transporte une planche de surf.\" \/>\n\t<meta name=\"robots\" content=\"max-image-preview:large\" \/>\n\t<meta name=\"author\" content=\"farosurfrentals\"\/>\n\t<link rel=\"canonical\" href=\"https:\/\/farosurfrentals.com\/fr\/blog\/comment-se-rendre-de-laeroport-de-faro-a-praia-de-faro-avec-ou-sans-planche\/\" \/>\n\t<meta name=\"generator\" content=\"All in One SEO (AIOSEO) 5.0.1.1\" \/>\n\t\t<meta property=\"og:locale\" content=\"fr_FR\" \/>\n\t\t<meta property=\"og:site_name\" content=\"Faro Surf Rentals - Surf Rental Faro, Portugal\" \/>\n\t\t<meta property=\"og:type\" content=\"article\" \/>\n\t\t<meta property=\"og:title\" content=\"De l&#039;a\u00e9roport de Faro \u00e0 Praia de Faro : bus, taxi et v\u00e9hicules de type \u00ab boards \u00bb\" \/>\n\t\t<meta property=\"og:description\" content=\"Praia de Faro se trouve \u00e0 moins de 4 km de l&#039;a\u00e9roport de Faro. L&#039;itin\u00e9raire de la ligne de bus n\u00b0 16, les tarifs des taxis et d&#039;Uber, les temps de trajet \u00e0 pied, et ce qui est r\u00e9ellement pratique lorsque l&#039;on transporte une planche de surf.\" \/>\n\t\t<meta property=\"og:url\" content=\"https:\/\/farosurfrentals.com\/fr\/blog\/comment-se-rendre-de-laeroport-de-faro-a-praia-de-faro-avec-ou-sans-planche\/\" \/>\n\t\t<meta property=\"og:image\" content=\"https:\/\/farosurfrentals.com\/wp-content\/uploads\/2021\/03\/cropped-Logo-long-01.png\" \/>\n\t\t<meta property=\"og:image:secure_url\" content=\"https:\/\/farosurfrentals.com\/wp-content\/uploads\/2021\/03\/cropped-Logo-long-01.png\" \/>\n\t\t<meta property=\"og:image:width\" content=\"576\" \/>\n\t\t<meta property=\"og:image:height\" content=\"499\" \/>\n\t\t<meta property=\"article:published_time\" content=\"2026-08-10T07:41:48+00:00\" \/>\n\t\t<meta property=\"article:modified_time\" content=\"2026-08-10T07:41:48+00:00\" \/>\n\t\t<meta name=\"twitter:card\" content=\"summary_large_image\" \/>\n\t\t<meta name=\"twitter:title\" content=\"De l&#039;a\u00e9roport de Faro \u00e0 Praia de Faro : bus, taxi et v\u00e9hicules de type \u00ab boards \u00bb\" \/>\n\t\t<meta name=\"twitter:description\" content=\"Praia de Faro se trouve \u00e0 moins de 4 km de l&#039;a\u00e9roport de Faro. L&#039;itin\u00e9raire de la ligne de bus n\u00b0 16, les tarifs des taxis et d&#039;Uber, les temps de trajet \u00e0 pied, et ce qui est r\u00e9ellement pratique lorsque l&#039;on transporte une planche de surf.\" \/>\n\t\t<meta name=\"twitter:image\" content=\"https:\/\/farosurfrentals.com\/wp-content\/uploads\/2021\/03\/cropped-Logo-long-01.png\" \/>\n\t\t<script type=\"application\/ld+json\" class=\"aioseo-schema\">\n\t\t\t{\"@context\":\"https:\\\/\\\/schema.org\",\"@graph\":[{\"@type\":\"BlogPosting\",\"@id\":\"https:\\\/\\\/farosurfrentals.com\\\/fr\\\/blog\\\/comment-se-rendre-de-laeroport-de-faro-a-praia-de-faro-avec-ou-sans-planche\\\/#blogposting\",\"name\":\"De l'a\\u00e9roport de Faro \\u00e0 Praia de Faro : bus, taxi et v\\u00e9hicules de type \\u00ab boards \\u00bb\",\"headline\":\"Comment se rendre de l&rsquo;a\\u00e9roport de Faro \\u00e0 Praia de Faro, avec ou sans planche\",\"author\":{\"@id\":\"https:\\\/\\\/farosurfrentals.com\\\/fr\\\/blog\\\/author\\\/farosurfrentals\\\/#author\"},\"publisher\":{\"@id\":\"https:\\\/\\\/farosurfrentals.com\\\/fr\\\/#organization\"},\"image\":{\"@type\":\"ImageObject\",\"url\":\"https:\\\/\\\/farosurfrentals.com\\\/wp-content\\\/uploads\\\/2021\\\/03\\\/cropped-Logo-long-01.png\",\"@id\":\"https:\\\/\\\/farosurfrentals.com\\\/fr\\\/#articleImage\",\"width\":576,\"height\":499,\"caption\":\"Faro surf rentals logo2\"},\"datePublished\":\"2026-08-10T07:41:48+00:00\",\"dateModified\":\"2026-08-10T07:41:48+00:00\",\"inLanguage\":\"fr-FR\",\"mainEntityOfPage\":{\"@id\":\"https:\\\/\\\/farosurfrentals.com\\\/fr\\\/blog\\\/comment-se-rendre-de-laeroport-de-faro-a-praia-de-faro-avec-ou-sans-planche\\\/#webpage\"},\"isPartOf\":{\"@id\":\"https:\\\/\\\/farosurfrentals.com\\\/fr\\\/blog\\\/comment-se-rendre-de-laeroport-de-faro-a-praia-de-faro-avec-ou-sans-planche\\\/#webpage\"},\"articleSection\":\"Non classifi\\u00e9(e)\"},{\"@type\":\"BreadcrumbList\",\"@id\":\"https:\\\/\\\/farosurfrentals.com\\\/fr\\\/blog\\\/comment-se-rendre-de-laeroport-de-faro-a-praia-de-faro-avec-ou-sans-planche\\\/#breadcrumblist\",\"itemListElement\":[{\"@type\":\"ListItem\",\"@id\":\"https:\\\/\\\/farosurfrentals.com\\\/fr\\\/#listItem\",\"position\":1,\"name\":\"Home\",\"item\":\"https:\\\/\\\/farosurfrentals.com\\\/fr\\\/\",\"nextItem\":{\"@type\":\"ListItem\",\"@id\":\"https:\\\/\\\/farosurfrentals.com\\\/fr\\\/blog\\\/category\\\/non-classifiee\\\/#listItem\",\"name\":\"Non classifi\\u00e9(e)\"}},{\"@type\":\"ListItem\",\"@id\":\"https:\\\/\\\/farosurfrentals.com\\\/fr\\\/blog\\\/category\\\/non-classifiee\\\/#listItem\",\"position\":2,\"name\":\"Non classifi\\u00e9(e)\",\"item\":\"https:\\\/\\\/farosurfrentals.com\\\/fr\\\/blog\\\/category\\\/non-classifiee\\\/\",\"nextItem\":{\"@type\":\"ListItem\",\"@id\":\"https:\\\/\\\/farosurfrentals.com\\\/fr\\\/blog\\\/comment-se-rendre-de-laeroport-de-faro-a-praia-de-faro-avec-ou-sans-planche\\\/#listItem\",\"name\":\"Comment se rendre de l&rsquo;a\\u00e9roport de Faro \\u00e0 Praia de Faro, avec ou sans planche\"},\"previousItem\":{\"@type\":\"ListItem\",\"@id\":\"https:\\\/\\\/farosurfrentals.com\\\/fr\\\/#listItem\",\"name\":\"Home\"}},{\"@type\":\"ListItem\",\"@id\":\"https:\\\/\\\/farosurfrentals.com\\\/fr\\\/blog\\\/comment-se-rendre-de-laeroport-de-faro-a-praia-de-faro-avec-ou-sans-planche\\\/#listItem\",\"position\":3,\"name\":\"Comment se rendre de l&rsquo;a\\u00e9roport de Faro \\u00e0 Praia de Faro, avec ou sans planche\",\"previousItem\":{\"@type\":\"ListItem\",\"@id\":\"https:\\\/\\\/farosurfrentals.com\\\/fr\\\/blog\\\/category\\\/non-classifiee\\\/#listItem\",\"name\":\"Non classifi\\u00e9(e)\"}}]},{\"@type\":\"Organization\",\"@id\":\"https:\\\/\\\/farosurfrentals.com\\\/fr\\\/#organization\",\"name\":\"Faro Surf Rentals\",\"description\":\"Surf Rental Faro, Portugal\",\"url\":\"https:\\\/\\\/farosurfrentals.com\\\/fr\\\/\",\"logo\":{\"@type\":\"ImageObject\",\"url\":\"https:\\\/\\\/farosurfrentals.com\\\/wp-content\\\/uploads\\\/2021\\\/03\\\/cropped-Logo-long-01.png\",\"@id\":\"https:\\\/\\\/farosurfrentals.com\\\/fr\\\/blog\\\/comment-se-rendre-de-laeroport-de-faro-a-praia-de-faro-avec-ou-sans-planche\\\/#organizationLogo\",\"width\":576,\"height\":499,\"caption\":\"Faro surf rentals logo2\"},\"image\":{\"@id\":\"https:\\\/\\\/farosurfrentals.com\\\/fr\\\/blog\\\/comment-se-rendre-de-laeroport-de-faro-a-praia-de-faro-avec-ou-sans-planche\\\/#organizationLogo\"}},{\"@type\":\"Person\",\"@id\":\"https:\\\/\\\/farosurfrentals.com\\\/fr\\\/blog\\\/author\\\/farosurfrentals\\\/#author\",\"url\":\"https:\\\/\\\/farosurfrentals.com\\\/fr\\\/blog\\\/author\\\/farosurfrentals\\\/\",\"name\":\"farosurfrentals\",\"image\":{\"@type\":\"ImageObject\",\"@id\":\"https:\\\/\\\/farosurfrentals.com\\\/fr\\\/blog\\\/comment-se-rendre-de-laeroport-de-faro-a-praia-de-faro-avec-ou-sans-planche\\\/#authorImage\",\"url\":\"https:\\\/\\\/secure.gravatar.com\\\/avatar\\\/85bae6fc56dc55da370805c1d796909c96c92bfb2f343f64537c281e45724747?s=96&d=mm&r=g\",\"width\":96,\"height\":96,\"caption\":\"farosurfrentals\"}},{\"@type\":\"WebPage\",\"@id\":\"https:\\\/\\\/farosurfrentals.com\\\/fr\\\/blog\\\/comment-se-rendre-de-laeroport-de-faro-a-praia-de-faro-avec-ou-sans-planche\\\/#webpage\",\"url\":\"https:\\\/\\\/farosurfrentals.com\\\/fr\\\/blog\\\/comment-se-rendre-de-laeroport-de-faro-a-praia-de-faro-avec-ou-sans-planche\\\/\",\"name\":\"De l'a\\u00e9roport de Faro \\u00e0 Praia de Faro : bus, taxi et v\\u00e9hicules de type \\u00ab boards \\u00bb\",\"description\":\"Praia de Faro se trouve \\u00e0 moins de 4 km de l'a\\u00e9roport de Faro. L'itin\\u00e9raire de la ligne de bus n\\u00b0 16, les tarifs des taxis et d'Uber, les temps de trajet \\u00e0 pied, et ce qui est r\\u00e9ellement pratique lorsque l'on transporte une planche de surf.\",\"inLanguage\":\"fr-FR\",\"isPartOf\":{\"@id\":\"https:\\\/\\\/farosurfrentals.com\\\/fr\\\/#website\"},\"breadcrumb\":{\"@id\":\"https:\\\/\\\/farosurfrentals.com\\\/fr\\\/blog\\\/comment-se-rendre-de-laeroport-de-faro-a-praia-de-faro-avec-ou-sans-planche\\\/#breadcrumblist\"},\"author\":{\"@id\":\"https:\\\/\\\/farosurfrentals.com\\\/fr\\\/blog\\\/author\\\/farosurfrentals\\\/#author\"},\"creator\":{\"@id\":\"https:\\\/\\\/farosurfrentals.com\\\/fr\\\/blog\\\/author\\\/farosurfrentals\\\/#author\"},\"datePublished\":\"2026-08-10T07:41:48+00:00\",\"dateModified\":\"2026-08-10T07:41:48+00:00\"},{\"@type\":\"WebSite\",\"@id\":\"https:\\\/\\\/farosurfrentals.com\\\/fr\\\/#website\",\"url\":\"https:\\\/\\\/farosurfrentals.com\\\/fr\\\/\",\"name\":\"Faro Surf Rentals\",\"description\":\"Surf Rental Faro, Portugal\",\"inLanguage\":\"fr-FR\",\"publisher\":{\"@id\":\"https:\\\/\\\/farosurfrentals.com\\\/fr\\\/#organization\"}}]}\n\t\t<\/script>\n\t\t<!-- All in One SEO -->\n\n","aioseo_head_json":{"title":"De l'a\u00e9roport de Faro \u00e0 Praia de Faro : bus, taxi et v\u00e9hicules de type \u00ab boards \u00bb","description":"Praia de Faro se trouve \u00e0 moins de 4 km de l'a\u00e9roport de Faro. L'itin\u00e9raire de la ligne de bus n\u00b0 16, les tarifs des taxis et d'Uber, les temps de trajet \u00e0 pied, et ce qui est r\u00e9ellement pratique lorsque l'on transporte une planche de surf.","canonical_url":"https:\/\/farosurfrentals.com\/fr\/blog\/comment-se-rendre-de-laeroport-de-faro-a-praia-de-faro-avec-ou-sans-planche\/","robots":"max-image-preview:large","keywords":"","webmasterTools":{"miscellaneous":""},"schema":{"@context":"https:\/\/schema.org","@graph":[{"@type":"BlogPosting","@id":"https:\/\/farosurfrentals.com\/fr\/blog\/comment-se-rendre-de-laeroport-de-faro-a-praia-de-faro-avec-ou-sans-planche\/#blogposting","name":"De l'a\u00e9roport de Faro \u00e0 Praia de Faro : bus, taxi et v\u00e9hicules de type \u00ab boards \u00bb","headline":"Comment se rendre de l&rsquo;a\u00e9roport de Faro \u00e0 Praia de Faro, avec ou sans planche","author":{"@id":"https:\/\/farosurfrentals.com\/fr\/blog\/author\/farosurfrentals\/#author"},"publisher":{"@id":"https:\/\/farosurfrentals.com\/fr\/#organization"},"image":{"@type":"ImageObject","url":"https:\/\/farosurfrentals.com\/wp-content\/uploads\/2021\/03\/cropped-Logo-long-01.png","@id":"https:\/\/farosurfrentals.com\/fr\/#articleImage","width":576,"height":499,"caption":"Faro surf rentals logo2"},"datePublished":"2026-08-10T07:41:48+00:00","dateModified":"2026-08-10T07:41:48+00:00","inLanguage":"fr-FR","mainEntityOfPage":{"@id":"https:\/\/farosurfrentals.com\/fr\/blog\/comment-se-rendre-de-laeroport-de-faro-a-praia-de-faro-avec-ou-sans-planche\/#webpage"},"isPartOf":{"@id":"https:\/\/farosurfrentals.com\/fr\/blog\/comment-se-rendre-de-laeroport-de-faro-a-praia-de-faro-avec-ou-sans-planche\/#webpage"},"articleSection":"Non classifi\u00e9(e)"},{"@type":"BreadcrumbList","@id":"https:\/\/farosurfrentals.com\/fr\/blog\/comment-se-rendre-de-laeroport-de-faro-a-praia-de-faro-avec-ou-sans-planche\/#breadcrumblist","itemListElement":[{"@type":"ListItem","@id":"https:\/\/farosurfrentals.com\/fr\/#listItem","position":1,"name":"Home","item":"https:\/\/farosurfrentals.com\/fr\/","nextItem":{"@type":"ListItem","@id":"https:\/\/farosurfrentals.com\/fr\/blog\/category\/non-classifiee\/#listItem","name":"Non classifi\u00e9(e)"}},{"@type":"ListItem","@id":"https:\/\/farosurfrentals.com\/fr\/blog\/category\/non-classifiee\/#listItem","position":2,"name":"Non classifi\u00e9(e)","item":"https:\/\/farosurfrentals.com\/fr\/blog\/category\/non-classifiee\/","nextItem":{"@type":"ListItem","@id":"https:\/\/farosurfrentals.com\/fr\/blog\/comment-se-rendre-de-laeroport-de-faro-a-praia-de-faro-avec-ou-sans-planche\/#listItem","name":"Comment se rendre de l&rsquo;a\u00e9roport de Faro \u00e0 Praia de Faro, avec ou sans planche"},"previousItem":{"@type":"ListItem","@id":"https:\/\/farosurfrentals.com\/fr\/#listItem","name":"Home"}},{"@type":"ListItem","@id":"https:\/\/farosurfrentals.com\/fr\/blog\/comment-se-rendre-de-laeroport-de-faro-a-praia-de-faro-avec-ou-sans-planche\/#listItem","position":3,"name":"Comment se rendre de l&rsquo;a\u00e9roport de Faro \u00e0 Praia de Faro, avec ou sans planche","previousItem":{"@type":"ListItem","@id":"https:\/\/farosurfrentals.com\/fr\/blog\/category\/non-classifiee\/#listItem","name":"Non classifi\u00e9(e)"}}]},{"@type":"Organization","@id":"https:\/\/farosurfrentals.com\/fr\/#organization","name":"Faro Surf Rentals","description":"Surf Rental Faro, Portugal","url":"https:\/\/farosurfrentals.com\/fr\/","logo":{"@type":"ImageObject","url":"https:\/\/farosurfrentals.com\/wp-content\/uploads\/2021\/03\/cropped-Logo-long-01.png","@id":"https:\/\/farosurfrentals.com\/fr\/blog\/comment-se-rendre-de-laeroport-de-faro-a-praia-de-faro-avec-ou-sans-planche\/#organizationLogo","width":576,"height":499,"caption":"Faro surf rentals logo2"},"image":{"@id":"https:\/\/farosurfrentals.com\/fr\/blog\/comment-se-rendre-de-laeroport-de-faro-a-praia-de-faro-avec-ou-sans-planche\/#organizationLogo"}},{"@type":"Person","@id":"https:\/\/farosurfrentals.com\/fr\/blog\/author\/farosurfrentals\/#author","url":"https:\/\/farosurfrentals.com\/fr\/blog\/author\/farosurfrentals\/","name":"farosurfrentals","image":{"@type":"ImageObject","@id":"https:\/\/farosurfrentals.com\/fr\/blog\/comment-se-rendre-de-laeroport-de-faro-a-praia-de-faro-avec-ou-sans-planche\/#authorImage","url":"https:\/\/secure.gravatar.com\/avatar\/85bae6fc56dc55da370805c1d796909c96c92bfb2f343f64537c281e45724747?s=96&d=mm&r=g","width":96,"height":96,"caption":"farosurfrentals"}},{"@type":"WebPage","@id":"https:\/\/farosurfrentals.com\/fr\/blog\/comment-se-rendre-de-laeroport-de-faro-a-praia-de-faro-avec-ou-sans-planche\/#webpage","url":"https:\/\/farosurfrentals.com\/fr\/blog\/comment-se-rendre-de-laeroport-de-faro-a-praia-de-faro-avec-ou-sans-planche\/","name":"De l'a\u00e9roport de Faro \u00e0 Praia de Faro : bus, taxi et v\u00e9hicules de type \u00ab boards \u00bb","description":"Praia de Faro se trouve \u00e0 moins de 4 km de l'a\u00e9roport de Faro. L'itin\u00e9raire de la ligne de bus n\u00b0 16, les tarifs des taxis et d'Uber, les temps de trajet \u00e0 pied, et ce qui est r\u00e9ellement pratique lorsque l'on transporte une planche de surf.","inLanguage":"fr-FR","isPartOf":{"@id":"https:\/\/farosurfrentals.com\/fr\/#website"},"breadcrumb":{"@id":"https:\/\/farosurfrentals.com\/fr\/blog\/comment-se-rendre-de-laeroport-de-faro-a-praia-de-faro-avec-ou-sans-planche\/#breadcrumblist"},"author":{"@id":"https:\/\/farosurfrentals.com\/fr\/blog\/author\/farosurfrentals\/#author"},"creator":{"@id":"https:\/\/farosurfrentals.com\/fr\/blog\/author\/farosurfrentals\/#author"},"datePublished":"2026-08-10T07:41:48+00:00","dateModified":"2026-08-10T07:41:48+00:00"},{"@type":"WebSite","@id":"https:\/\/farosurfrentals.com\/fr\/#website","url":"https:\/\/farosurfrentals.com\/fr\/","name":"Faro Surf Rentals","description":"Surf Rental Faro, Portugal","inLanguage":"fr-FR","publisher":{"@id":"https:\/\/farosurfrentals.com\/fr\/#organization"}}]},"og:locale":"fr_FR","og:site_name":"Faro Surf Rentals - Surf Rental Faro, Portugal","og:type":"article","og:title":"De l'a\u00e9roport de Faro \u00e0 Praia de Faro : bus, taxi et v\u00e9hicules de type \u00ab boards \u00bb","og:description":"Praia de Faro se trouve \u00e0 moins de 4 km de l'a\u00e9roport de Faro. L'itin\u00e9raire de la ligne de bus n\u00b0 16, les tarifs des taxis et d'Uber, les temps de trajet \u00e0 pied, et ce qui est r\u00e9ellement pratique lorsque l'on transporte une planche de surf.","og:url":"https:\/\/farosurfrentals.com\/fr\/blog\/comment-se-rendre-de-laeroport-de-faro-a-praia-de-faro-avec-ou-sans-planche\/","og:image":"https:\/\/farosurfrentals.com\/wp-content\/uploads\/2021\/03\/cropped-Logo-long-01.png","og:image:secure_url":"https:\/\/farosurfrentals.com\/wp-content\/uploads\/2021\/03\/cropped-Logo-long-01.png","og:image:width":576,"og:image:height":499,"article:published_time":"2026-08-10T07:41:48+00:00","article:modified_time":"2026-08-10T07:41:48+00:00","twitter:card":"summary_large_image","twitter:title":"De l'a\u00e9roport de Faro \u00e0 Praia de Faro : bus, taxi et v\u00e9hicules de type \u00ab boards \u00bb","twitter:description":"Praia de Faro se trouve \u00e0 moins de 4 km de l'a\u00e9roport de Faro. L'itin\u00e9raire de la ligne de bus n\u00b0 16, les tarifs des taxis et d'Uber, les temps de trajet \u00e0 pied, et ce qui est r\u00e9ellement pratique lorsque l'on transporte une planche de surf.","twitter:image":"https:\/\/farosurfrentals.com\/wp-content\/uploads\/2021\/03\/cropped-Logo-long-01.png"},"aioseo_meta_data":{"post_id":"15920","title":"De l'a\u00e9roport de Faro \u00e0 Praia de Faro : bus, taxi et v\u00e9hicules de type \u00ab boards \u00bb","description":"Praia de Faro se trouve \u00e0 moins de 4 km de l'a\u00e9roport de Faro. L'itin\u00e9raire de la ligne de bus n\u00b0 16, les tarifs des taxis et d'Uber, les temps de trajet \u00e0 pied, et ce qui est r\u00e9ellement pratique lorsque l'on transporte une planche de surf. ","keywords":null,"keyphrases":{"focus":[],"additional":[]},"primary_term":null,"canonical_url":null,"og_title":null,"og_description":null,"og_object_type":"default","og_image_type":"default","og_image_url":null,"og_image_width":null,"og_image_height":null,"og_image_custom_url":null,"og_image_custom_fields":null,"og_video":"","og_custom_url":null,"og_article_section":null,"og_article_tags":null,"twitter_use_og":false,"twitter_card":"default","twitter_image_type":"default","twitter_image_url":null,"twitter_image_custom_url":null,"twitter_image_custom_fields":null,"twitter_title":null,"twitter_description":null,"schema":{"blockGraphs":[],"customGraphs":[],"default":{"data":{"Article":[],"Course":[],"Dataset":[],"FAQPage":[],"Movie":[],"Person":[],"Product":[],"ProductReview":[],"Car":[],"Recipe":[],"Service":[],"SoftwareApplication":[],"WebPage":[]},"graphName":"BlogPosting","isEnabled":true},"graphs":[]},"schema_type":"default","schema_type_options":null,"pillar_content":false,"robots_default":true,"robots_noindex":false,"robots_noarchive":false,"robots_nosnippet":false,"robots_nofollow":false,"robots_noimageindex":false,"robots_noodp":false,"robots_notranslate":false,"robots_max_snippet":"-1","robots_max_videopreview":"-1","robots_max_imagepreview":"large","priority":null,"frequency":"default","local_seo":null,"breadcrumb_settings":null,"limit_modified_date":false,"ai":{"faqs":[],"keyPoints":[],"schemas":[],"titles":[],"descriptions":[],"socialPosts":{"email":[],"linkedin":[],"twitter":[],"facebook":[],"instagram":[]}},"created":"2026-09-04 10:57:27","updated":"2026-09-04 10:57:27","seo_analyzer_scan_date":null,"focus_keyword":null,"additional_keywords":null,"truseo_locale":null},"aioseo_breadcrumb":"<div class=\"aioseo-breadcrumbs\"><span class=\"aioseo-breadcrumb\">\n\t\t\t<a href=\"https:\/\/farosurfrentals.com\/fr\/\" title=\"Home\">Home<\/a>\n\t\t<\/span><span class=\"aioseo-breadcrumb-separator\">&raquo;<\/span><span class=\"aioseo-breadcrumb\">\n\t\t\t<a href=\"https:\/\/farosurfrentals.com\/fr\/blog\/category\/non-classifiee\/\" title=\"Non classifi\u00e9(e)\">Non classifi\u00e9(e)<\/a>\n\t\t<\/span><span class=\"aioseo-breadcrumb-separator\">&raquo;<\/span><span class=\"aioseo-breadcrumb\">\n\t\t\tComment se rendre de l\u2019a\u00e9roport de Faro \u00e0 Praia de Faro, avec ou sans planche\n\t\t<\/span><\/div>","aioseo_breadcrumb_json":[{"label":"Home","link":"https:\/\/farosurfrentals.com\/fr\/"},{"label":"Non classifi\u00e9(e)","link":"https:\/\/farosurfrentals.com\/fr\/blog\/category\/non-classifiee\/"},{"label":"Comment se rendre de l&rsquo;a\u00e9roport de Faro \u00e0 Praia de Faro, avec ou sans planche","link":"https:\/\/farosurfrentals.com\/fr\/blog\/comment-se-rendre-de-laeroport-de-faro-a-praia-de-faro-avec-ou-sans-planche\/"}],"_links":{"self":[{"href":"https:\/\/farosurfrentals.com\/fr\/wp-json\/wp\/v2\/posts\/15920","targetHints":{"allow":["GET"]}}],"collection":[{"href":"https:\/\/farosurfrentals.com\/fr\/wp-json\/wp\/v2\/posts"}],"about":[{"href":"https:\/\/farosurfrentals.com\/fr\/wp-json\/wp\/v2\/types\/post"}],"author":[{"embeddable":true,"href":"https:\/\/farosurfrentals.com\/fr\/wp-json\/wp\/v2\/users\/2"}],"replies":[{"embeddable":true,"href":"https:\/\/farosurfrentals.com\/fr\/wp-json\/wp\/v2\/comments?post=15920"}],"version-history":[{"count":0,"href":"https:\/\/farosurfrentals.com\/fr\/wp-json\/wp\/v2\/posts\/15920\/revisions"}],"wp:attachment":[{"href":"https:\/\/farosurfrentals.com\/fr\/wp-json\/wp\/v2\/media?parent=15920"}],"wp:term":[{"taxonomy":"category","embeddable":true,"href":"https:\/\/farosurfrentals.com\/fr\/wp-json\/wp\/v2\/categories?post=15920"},{"taxonomy":"post_tag","embeddable":true,"href":"https:\/\/farosurfrentals.com\/fr\/wp-json\/wp\/v2\/tags?post=15920"}],"curies":[{"name":"wp","href":"https:\/\/api.w.org\/{rel}","templated":true}]}}