{"id":15924,"date":"2026-08-10T07:49:51","date_gmt":"2026-08-10T07:49:51","guid":{"rendered":"https:\/\/farosurfrentals.com\/blog\/camping-an-der-algarve-mit-dem-zelt-die-ausruestung-auf-die-es-wirklich-ankommt\/"},"modified":"2026-08-10T07:49:51","modified_gmt":"2026-08-10T07:49:51","slug":"camping-an-der-algarve-mit-dem-zelt-die-ausruestung-auf-die-es-wirklich-ankommt","status":"publish","type":"post","link":"https:\/\/farosurfrentals.com\/de\/blog\/camping-an-der-algarve-mit-dem-zelt-die-ausruestung-auf-die-es-wirklich-ankommt\/","title":{"rendered":"Camping an der Algarve mit dem Zelt: Die Ausr\u00fcstung, auf die es wirklich ankommt"},"content":{"rendered":"<p>Die meisten Menschen packen ihre Koffer f\u00fcr die Algarve so, als w\u00e4re es dort genauso hei\u00df wie zu Hause. Dann kommt um zwei Uhr nachmittags Wind auf, das Zelt verwandelt sich in ein Segel, und die Heringe, die auf einem feuchten englischen Feld noch einwandfrei gehalten haben, rutschen im trockenen Sand einfach heraus. <\/p>\n<p>Das Campen hier ist einfach, sobald man wei\u00df, welche Auswirkungen dieser Ort auf die Ausr\u00fcstung hat. Es handelt sich um eine ganz bestimmte Kombination: starker Nachmittagswind \u00fcber Monate hinweg, ein Boden, der entweder steinhart ausgetrocknet oder aus reinem Sand besteht, sengende Sonne auf dem Zeltstoff und N\u00e4chte, die k\u00e4lter sind, als es die Tage vermuten lassen. Hier erfahren Sie, worauf es tats\u00e4chlich ankommt.  <\/p>\n<h2>Erstens: Wo Sie Ihr Zelt aufschlagen d\u00fcrfen<\/h2>\n<p>Ein Zelt darf nur auf einem zugelassenen Campingplatz aufgestellt werden. In Portugal werden Wohnmobile und Zelte ganz unterschiedlich behandelt. Ein zugelassenes Wohnmobil darf an bestimmten Orten unter bestimmten Bedingungen \u00fcber Nacht parken, doch das Aufstellen eines Zeltes au\u00dferhalb eines Campingplatzes gilt \u00fcberall als Wildcampen und ist nicht gestattet. Die Kontrollen an der Algarve wurden versch\u00e4rft, insbesondere entlang der Westk\u00fcste, die zum Naturpark \u201eS\u00fcdwest-Alentejo und Costa Vicentina\u201c geh\u00f6rt, und auch die Ria Formosa steht unter Naturschutz.   <\/p>\n<p>Unser Schwesterunternehmen Ocean Camper h\u00e4lt die ausf\u00fchrliche Fassung der Vorschriften auf dem neuesten Stand: <a href=\"https:\/\/oceancamper.com\/wild-camping-portugal\/\" rel=\"noopener\">Wildcampen in Portugal \u2013 Vorschriften und Bu\u00dfgelder<\/a>. Was die konkreten \u00dcbernachtungsm\u00f6glichkeiten betrifft, f\u00fchren sie zudem einen <a href=\"https:\/\/oceancamper.com\/best-campsites-algarve-portugal\/\" rel=\"noopener\">Leitfaden zu den besten Campingpl\u00e4tzen an der Algarve<\/a> f\u00fcr Zelte und Wohnmobile. Das erspart uns Doppelarbeit und ist besser als alles, was wir selbst schreiben k\u00f6nnten.  <\/p>\n<p>Die gute Nachricht ist, dass die Campingpl\u00e4tze an der Algarve im europ\u00e4ischen Vergleich g\u00fcnstig sind und einige der besten genau dort liegen, wo Sie hinwollen: in der N\u00e4he von Sagres f\u00fcr die Surfm\u00f6glichkeiten an der Westk\u00fcste und in Fuseta f\u00fcr die Lagune.<\/p>\n<h2>Wind ist das, was Ausfl\u00fcge ruiniert<\/h2>\n<p>Von etwa Mai bis September kommt an den meisten Nachmittagen ein Nord- bis Nordwestwind auf, der als \u201eNortada\u201c bezeichnet wird. Es handelt sich dabei nicht um einen Sturm, doch er ist anhaltend, tritt t\u00e4glich auf und deckt jede Schwachstelle in einem Dach auf. <\/p>\n<p>Was dies in der Praxis bedeutet: Verwenden Sie alle mitgelieferten Abspannleinen, nicht nur die beiden, die notwendig erscheinen. Bauen Sie das Zelt so auf, dass das schmalere Ende nach Norden oder Nordwesten zeigt. Ein Tunnelzelt, das quer zu diesem Wind aufgestellt wird, wird die ganze Nacht \u00fcber durchbiegen, und niemand wird Schlaf finden.  <\/p>\n<p>Heringe sind wichtiger als das Zelt. Nehmen Sie zwei Arten mit: d\u00fcnne Stahl- oder Titanheringe f\u00fcr harten, steinigen Boden, da Kunststoffheringe dort abbrechen. Und breite Sandheringe aus Kunststoff oder einer Legierung, mindestens 25 cm lang, f\u00fcr alle Standorte in K\u00fcstenn\u00e4he. Auf lockerem Sand bew\u00e4hrt sich der folgende Trick: Vergraben Sie einen Hering waagerecht oder vergraben Sie einen mit Sand gef\u00fcllten Packsack und befestigen Sie die Abspannleine daran.    <\/p>\n<h2>Die Sonne richtet mehr Schaden an als der Regen<\/h2>\n<p>Von Mai bis September spielt Regen kaum eine Rolle. Die UV-Strahlung hingegen schon. Billige Zeltplanen aus Polyester werden schon nach einem einzigen Sommer an der Algarve spr\u00f6de, und ein dunkles Zelt ist bereits um neun Uhr morgens unbenutzbar, da die Innentemperatur schneller ansteigt, als man es verlassen kann.  <\/p>\n<p>Ein helles Au\u00dfenzelt, ein Innenzelt mit gro\u00dfer Maschenweite und T\u00fcren, die sich vollst\u00e4ndig zur\u00fcckrollen lassen, sind hier wertvoller als Angaben zur Wasserdichtigkeit. Auch ein separater Sonnenschutz ist wichtig. Eine Plane oder eine einfache Markise, die zwischen Zelt und Auto gespannt wird, bietet Ihnen mittags einen Platz zum Sitzen, den das Zelt selbst nicht bieten kann.  <\/p>\n<p>Stellen Sie das Zelt nach M\u00f6glichkeit so auf, dass es morgens im Schatten steht. Die h\u00e4ufigste Beschwerde, die wir h\u00f6ren, ist, dass man um sieben Uhr morgens vor Hitze geweckt wird. <\/p>\n<h2>Die N\u00e4chte sind k\u00e4lter, als man erwartet<\/h2>\n<p>Im Juli und August schlafen Sie auf dem Schlafsack. Im April, Mai, Oktober und November sinkt die Temperatur nach Sonnenuntergang stark ab, insbesondere in der N\u00e4he des Wassers, und ein d\u00fcnner Sommerschlafsack reicht nicht aus. Ein Drei-Jahreszeiten-Schlafsack oder ein Schlafsack in Kombination mit einem Innenschlafsack bietet in den \u00dcbergangsmonaten angenehmen Schlafkomfort.  <\/p>\n<p>Die Isolierung unter dem Schlafsack ist genauso wichtig wie der Schlafsack selbst. Trockener Boden entzieht Ihnen nachts schnell W\u00e4rme. Eine Schaumstoffmatte unter einem d\u00fcnnen aufblasbaren Schlafsack ist eine kosteng\u00fcnstige L\u00f6sung, falls Sie bereits die falsche Matte besitzen.  <\/p>\n<h2>M\u00fccken und Kondenswasser in der N\u00e4he der Lagune<\/h2>\n<p>Die Campingpl\u00e4tze rund um die Ria Formosa liegen direkt an den Salzwiesen, die wundersch\u00f6n und voller V\u00f6gel sind \u2013 und in der Abendd\u00e4mmerung des Sp\u00e4tsommers auch voller M\u00fccken. Ein Zelt mit einem ordnungsgem\u00e4\u00df versiegelten Innenzelt aus Netzgewebe ist dort unverzichtbar. Insektenschutzmittel f\u00fcr die Stunde um den Sonnenuntergang herum erledigt den Rest.  <\/p>\n<p>Genau diese Senke sorgt f\u00fcr starken Tau. Richten Sie das Zelt leicht vom tiefsten Punkt weg aus, lassen Sie die Bel\u00fcftungs\u00f6ffnungen offen und sch\u00fctteln Sie das Au\u00dfenzelt morgens vor dem Zusammenpacken aus. <\/p>\n<h2>Brandschutzvorschriften, die h\u00e4ufig falsch ausgelegt werden<\/h2>\n<p>In Portugal gilt w\u00e4hrend des Sommers eine \u201ekritische Brandperiode\u201c, die in der Regel von Anfang Juli bis Ende September dauert und in trockenen Jahren in beide Richtungen verl\u00e4ngert werden kann. W\u00e4hrend dieser Zeit sind \u00d6fen, Grillger\u00e4te und Grillplatten in l\u00e4ndlichen Gebieten verboten, au\u00dfer an Orten, die ausdr\u00fccklich daf\u00fcr zugelassen sind. <\/p>\n<p>Auf Campingpl\u00e4tzen gibt es in der Regel ausgewiesene Kochbereiche, und die Nutzung eines Gaskochers ist dort zul\u00e4ssig. Das Entz\u00fcnden von Feuer au\u00dferhalb dieser Bereiche w\u00e4hrend der kritischen Zeit ist jedoch verboten, und die Bu\u00dfgelder sind erheblich. Sollten Sie sich an einem bestimmten Tag unsicher sein, erkundigen Sie sich bitte an der Rezeption, anstatt zu raten. Niemand an der Algarve nimmt das Thema Feuer auf die leichte Schulter \u2013 und das aus gutem Grund.   <\/p>\n<h2>Was lohnt es sich eher zu mieten als damit zu fliegen?<\/h2>\n<p>Campingausr\u00fcstung ist sperrig, leicht und unhandlich \u2013 die denkbar ung\u00fcnstigste Kombination f\u00fcr die Preisgestaltung der Fluggesellschaften. Sie zahlen f\u00fcr das Volumen, nicht f\u00fcr den Wert. Ein Zelt, zwei Schlafs\u00e4cke und Isomatten kosten im aufgegebenen Gep\u00e4ck auf einer Hin- und R\u00fcckreise in der Regel mehr, als wenn Sie dieselbe Ausr\u00fcstung hier f\u00fcr eine Woche mieten w\u00fcrden.  <\/p>\n<p>Wir vermieten Zelte, Schlafs\u00e4cke, Isomatten, Campingst\u00fchle und Kochgeschirr \u2013 1,5 km vom Flughafen Faro entfernt \u2013, sodass Sie die Ausr\u00fcstung auf dem Hinweg abholen und auf dem R\u00fcckweg wieder abgeben k\u00f6nnen. Alle Artikel wurden speziell f\u00fcr diese Bedingungen ausgew\u00e4hlt und nicht nach dem Preis ausgew\u00e4hlt; das bedeutet vor allem: hochwertige Heringe und helle Au\u00dfenzelte. <\/p>\n<p>Falls auch Sie vorhaben, ins Wasser zu gehen, eignet sich derselbe Ausflug sowohl f\u00fcr ein <a href=\"https:\/\/farosurfrentals.com\/de\/blog\/surfbrettverleih-in-faro-ganz-einfach-schnelle-abholung-in-der-naehe-des-flughafens\/\">Surfbrett<\/a> als auch f\u00fcr ein <a href=\"https:\/\/farosurfrentals.com\/de\/blog\/sup-verleih-in-faro-unkompliziert-unterhaltsam-und-in-der-naehe-des-flughafens\/\">Paddleboard<\/a>, und im <a href=\"https:\/\/farosurfrentals.com\/de\/blog\/welchen-neoprenanzug-benoetigen-sie-an-der-algarve-monat-fuer-monat\/\">Neoprenanzug-Ratgeber<\/a> erfahren Sie, was Sie in welchem Monat ben\u00f6tigen.<\/p>\n<h2>Buchen Sie Ihre Ausr\u00fcstung<\/h2>\n<p>Alle Unterk\u00fcnfte befinden sich 1,5 km vom Flughafen Faro entfernt, auf dem Weg von der Ankunftshalle zum Flughafen. W\u00e4hlen Sie unten Ihre Reisedaten aus und pr\u00fcfen Sie die Verf\u00fcgbarkeit. <\/p>\n\n<div class=\"wrap plugin-container\">\n\n\t\n\t\n\t<div class=\"vri-page-content\">\r\n<h3 class=\"vri-page-head-title\">Inhalt<\/h3>\t<div class=\"vrilistcontainer\">\r\n\t\t<div class=\"vri-list-item-block\">\r\n\t\t\t<div class=\"vri-list-item-inner\">\r\n\t\t\t\t\t\t\t<div class=\"vri-list-item-img\">\r\n\t\t\t\t\t<img decoding=\"async\" src=\"https:\/\/farosurfrentals.com\/wp-content\/plugins\/vikrentitems\/admin\/resources\/vthumb_surf_racks_chat_gdp_1.png\" alt=\"\" class=\"vrilistimg\"\/>\r\n\t\t\t\t<\/div>\r\n\t\t\t\t\t\t\t\t<div class=\"vri-list-item-descr\">\r\n\t\t\t\t\t<span class=\"vrilistitemname\">Car Roof Rack Surf<\/span>\r\n\t\t\t\t\t<span class=\"vrilistitemcat\">Wassersport, Anderes<\/span>\r\n\t\t\t\t\t<div class=\"vrilistitemdescr\">\r\n\t\t\t\t\t\t<p>Up to 3 surfboards<\/p>\n\t\t\t\t\t<\/div>\r\n\t\t\t\t\t\t\t\t<\/div>\r\n\t\t\t<\/div>\r\n\t\t\t<div class=\"vri-list-item-cont\">\r\n\t\t\t\t<div class=\"vrilistcostdivcont\">\r\n\t\t\t\t\t\t\t\t\t\t<div class=\"vrilistdivcost\">\r\n\t\t\t\t\t\t<span class=\"vriliststartfrom\">Ab<\/span>\r\n\t\t\t\t\t\t<span class=\"item_cost\">\u20ac 5.00<\/span>\r\n\t\t\t\t\t\t<span class=\"vriliststartfromtext\">pro Stunde<\/span>\r\n\t\t\t\t\t<\/div>\r\n\t\t\t\t\t\t\t\t\t\t<span class=\"vrilistgoonlist\"><a href=\"https:\/\/farosurfrentals.com\/de\/blog\/camping-an-der-algarve-mit-dem-zelt-die-ausruestung-auf-die-es-wirklich-ankommt\/?option=com_vikrentitems&amp;view=itemdetails&amp;elemid=24\">Details anzeigen<\/a><\/span>\r\n\t\t\t\t<\/div>\r\n\t\t\t<\/div>\r\n\t\t<\/div>\r\n\t\t\t<div class=\"vri-list-item-block\">\r\n\t\t\t<div class=\"vri-list-item-inner\">\r\n\t\t\t\t\t\t\t<div class=\"vri-list-item-img\">\r\n\t\t\t\t\t<img decoding=\"async\" src=\"https:\/\/farosurfrentals.com\/wp-content\/plugins\/vikrentitems\/admin\/resources\/vthumb_snorkle_set_white.jpg\" alt=\"\" class=\"vrilistimg\"\/>\r\n\t\t\t\t<\/div>\r\n\t\t\t\t\t\t\t\t<div class=\"vri-list-item-descr\">\r\n\t\t\t\t\t<span class=\"vrilistitemname\">Snorkeling Set<\/span>\r\n\t\t\t\t\t<span class=\"vrilistitemcat\">Wassersport<\/span>\r\n\t\t\t\t\t<div class=\"vrilistitemdescr\">\r\n\t\t\t\t\t\t<p>Snorkel Set: Brille + Schnorchelschlauch +<br \/>\nFlossen (Schuhgr\u00f6\u00dfe: 37-38, 39-42, 43-45)<\/p>\n\t\t\t\t\t<\/div>\r\n\t\t\t\t\t\t\t\t<\/div>\r\n\t\t\t<\/div>\r\n\t\t\t<div class=\"vri-list-item-cont\">\r\n\t\t\t\t<div class=\"vrilistcostdivcont\">\r\n\t\t\t\t\t\t\t\t\t\t<div class=\"vrilistdivcost\">\r\n\t\t\t\t\t\t<span class=\"vriliststartfrom\">Ab<\/span>\r\n\t\t\t\t\t\t<span class=\"item_cost\">\u20ac 5.00<\/span>\r\n\t\t\t\t\t\t<span class=\"vriliststartfromtext\">pro Tag<\/span>\r\n\t\t\t\t\t<\/div>\r\n\t\t\t\t\t\t\t\t\t\t<span class=\"vrilistgoonlist\"><a href=\"https:\/\/farosurfrentals.com\/de\/blog\/camping-an-der-algarve-mit-dem-zelt-die-ausruestung-auf-die-es-wirklich-ankommt\/?option=com_vikrentitems&amp;view=itemdetails&amp;elemid=6\">Details anzeigen<\/a><\/span>\r\n\t\t\t\t<\/div>\r\n\t\t\t<\/div>\r\n\t\t<\/div>\r\n\t\t\t<div class=\"vri-list-item-block\">\r\n\t\t\t<div class=\"vri-list-item-inner\">\r\n\t\t\t\t\t\t\t<div class=\"vri-list-item-img\">\r\n\t\t\t\t\t<img decoding=\"async\" src=\"https:\/\/farosurfrentals.com\/wp-content\/plugins\/vikrentitems\/admin\/resources\/vthumb_adobestock_1130219670.jpeg\" alt=\"\" class=\"vrilistimg\"\/>\r\n\t\t\t\t<\/div>\r\n\t\t\t\t\t\t\t\t<div class=\"vri-list-item-descr\">\r\n\t\t\t\t\t<span class=\"vrilistitemname\">Neoprenanzug<\/span>\r\n\t\t\t\t\t<span class=\"vrilistitemcat\">Wassersport<\/span>\r\n\t\t\t\t\t<div class=\"vrilistitemdescr\">\r\n\t\t\t\t\t\t<p>Neoprenanz\u00fcge in allen Gr\u00f6\u00dfen, perfekt f\u00fcr portugiesische Wassertemperaturen.<\/p>\n\t\t\t\t\t<\/div>\r\n\t\t\t\t\t\t\t\t<\/div>\r\n\t\t\t<\/div>\r\n\t\t\t<div class=\"vri-list-item-cont\">\r\n\t\t\t\t<div class=\"vrilistcostdivcont\">\r\n\t\t\t\t\t\t\t\t\t\t<div class=\"vrilistdivcost\">\r\n\t\t\t\t\t\t<span class=\"vriliststartfrom\">Ab<\/span>\r\n\t\t\t\t\t\t<span class=\"item_cost\">\u20ac 3.00<\/span>\r\n\t\t\t\t\t\t<span class=\"vriliststartfromtext\">pro Tag<\/span>\r\n\t\t\t\t\t<\/div>\r\n\t\t\t\t\t\t\t\t\t\t<span class=\"vrilistgoonlist\"><a href=\"https:\/\/farosurfrentals.com\/de\/blog\/camping-an-der-algarve-mit-dem-zelt-die-ausruestung-auf-die-es-wirklich-ankommt\/?option=com_vikrentitems&amp;view=itemdetails&amp;elemid=9\">Details anzeigen<\/a><\/span>\r\n\t\t\t\t<\/div>\r\n\t\t\t<\/div>\r\n\t\t<\/div>\r\n\t\t<\/div>\r\n\r\n\t<div class=\"vri-pagination\">\n<div class=\"tablenav bottom\">\n\n\t<div class=\"tablenav-pages\">\n\t\t<span class=\"displaying-num\">15 items<\/span>\n\n\t\t<span class=\"pagination-links\">\n\n\t\t\t\t\t\t\n\t\t\t\t<span class=\"tablenav-pages-navspan button disabled\" aria-hidden=\"true\">\u00ab<\/span>\n\n\t\t\t\n\t\t\t\t\t\t\n\t\t\t\t<span class=\"tablenav-pages-navspan button disabled\" aria-hidden=\"true\">\u2039<\/span>\n\n\t\t\t\n\t\t\t<span class=\"screen-reader-text\">Current Page<\/span>\n\t\t\t<span id=\"table-paging\" class=\"paging-input\">\n\t\t\t\t<span class=\"tablenav-paging-text\">\n\t\t\t\t\t1 of <span class=\"total-pages\">5<\/span>\t\t\t\t<\/span>\n\t\t\t<\/span>\n\n\t\t\t\n\t\t\t\t<a class=\"next-page button\" href=\"https:\/\/farosurfrentals.com\/de\/wp-json\/wp\/v2\/posts\/15924?limitstart=3\">\n\t\t\t\t\t<span class=\"screen-reader-text\">Next page<\/span>\n\t\t\t\t\t<span aria-hidden=\"true\">\u203a<\/span>\n\t\t\t\t<\/a>\n\n\t\t\t\t\t\t\n\t\t\t\n\t\t\t\t<a class=\"last-page button\" href=\"https:\/\/farosurfrentals.com\/de\/wp-json\/wp\/v2\/posts\/15924?limitstart=12\">\n\t\t\t\t\t<span class=\"screen-reader-text\">Last page<\/span>\n\t\t\t\t\t<span aria-hidden=\"true\">\u00bb<\/span>\n\t\t\t\t<\/a>\n\n\t\t\t\n\t\t<\/span>\n\t<\/div>\n\n\t<br class=\"clear\">\n\n<\/div>\n<\/div>\r\n\t<\/div>\r\n\n<\/div>\n\n","protected":false},"excerpt":{"rendered":"<p>Wind, Sonne und Sand setzen hier der falschen Campingausr\u00fcstung stark zu. Was Sie mitbringen sollten, was Sie zu Hause lassen sollten, die Vorschriften zum Feuermachen und wo Sie Ihr Zelt aufschlagen d\u00fcrfen. <\/p>\n","protected":false},"author":2,"featured_media":0,"comment_status":"closed","ping_status":"closed","sticky":false,"template":"","format":"standard","meta":{"footnotes":""},"categories":[27],"tags":[],"class_list":["post-15924","post","type-post","status-publish","format-standard","hentry","category-unkategorisiert"],"aioseo_notices":[],"aioseo_head":"\n\t\t<!-- All in One SEO 5.0.1.1 - aioseo.com -->\n\t<meta name=\"description\" content=\"Wind, Sonne und Sand k\u00f6nnen an der Algarve ungeeignete Campingausr\u00fcstung besch\u00e4digen. Welches Zelt und welche Heringe Sie mitbringen sollten, welche Vorschriften f\u00fcr Lagerfeuer im Sommer gelten und wo Sie legal Ihr Zelt aufschlagen d\u00fcrfen.\" \/>\n\t<meta name=\"robots\" content=\"max-image-preview:large\" \/>\n\t<meta name=\"author\" content=\"farosurfrentals\"\/>\n\t<link rel=\"canonical\" href=\"https:\/\/farosurfrentals.com\/de\/blog\/camping-an-der-algarve-mit-dem-zelt-die-ausruestung-auf-die-es-wirklich-ankommt\/\" \/>\n\t<meta name=\"generator\" content=\"All in One SEO (AIOSEO) 5.0.1.1\" \/>\n\t\t<meta property=\"og:locale\" content=\"de_DE\" \/>\n\t\t<meta property=\"og:site_name\" content=\"Faro Surf Rentals - Surf Rental Faro, Portugal\" \/>\n\t\t<meta property=\"og:type\" content=\"article\" \/>\n\t\t<meta property=\"og:title\" content=\"Zeltcamping an der Algarve: Die Ausr\u00fcstung, auf die es wirklich ankommt\" \/>\n\t\t<meta property=\"og:description\" content=\"Wind, Sonne und Sand k\u00f6nnen an der Algarve ungeeignete Campingausr\u00fcstung besch\u00e4digen. Welches Zelt und welche Heringe Sie mitbringen sollten, welche Vorschriften f\u00fcr Lagerfeuer im Sommer gelten und wo Sie legal Ihr Zelt aufschlagen d\u00fcrfen.\" \/>\n\t\t<meta property=\"og:url\" content=\"https:\/\/farosurfrentals.com\/de\/blog\/camping-an-der-algarve-mit-dem-zelt-die-ausruestung-auf-die-es-wirklich-ankommt\/\" \/>\n\t\t<meta property=\"og:image\" content=\"https:\/\/farosurfrentals.com\/wp-content\/uploads\/2021\/03\/cropped-Logo-long-01.png\" \/>\n\t\t<meta property=\"og:image:secure_url\" content=\"https:\/\/farosurfrentals.com\/wp-content\/uploads\/2021\/03\/cropped-Logo-long-01.png\" \/>\n\t\t<meta property=\"og:image:width\" content=\"576\" \/>\n\t\t<meta property=\"og:image:height\" content=\"499\" \/>\n\t\t<meta property=\"article:published_time\" content=\"2026-08-10T07:49:51+00:00\" \/>\n\t\t<meta property=\"article:modified_time\" content=\"2026-08-10T07:49:51+00:00\" \/>\n\t\t<meta name=\"twitter:card\" content=\"summary_large_image\" \/>\n\t\t<meta name=\"twitter:title\" content=\"Zeltcamping an der Algarve: Die Ausr\u00fcstung, auf die es wirklich ankommt\" \/>\n\t\t<meta name=\"twitter:description\" content=\"Wind, Sonne und Sand k\u00f6nnen an der Algarve ungeeignete Campingausr\u00fcstung besch\u00e4digen. Welches Zelt und welche Heringe Sie mitbringen sollten, welche Vorschriften f\u00fcr Lagerfeuer im Sommer gelten und wo Sie legal Ihr Zelt aufschlagen d\u00fcrfen.\" \/>\n\t\t<meta name=\"twitter:image\" content=\"https:\/\/farosurfrentals.com\/wp-content\/uploads\/2021\/03\/cropped-Logo-long-01.png\" \/>\n\t\t<script type=\"application\/ld+json\" class=\"aioseo-schema\">\n\t\t\t{\"@context\":\"https:\\\/\\\/schema.org\",\"@graph\":[{\"@type\":\"BlogPosting\",\"@id\":\"https:\\\/\\\/farosurfrentals.com\\\/de\\\/blog\\\/camping-an-der-algarve-mit-dem-zelt-die-ausruestung-auf-die-es-wirklich-ankommt\\\/#blogposting\",\"name\":\"Zeltcamping an der Algarve: Die Ausr\\u00fcstung, auf die es wirklich ankommt\",\"headline\":\"Camping an der Algarve mit dem Zelt: Die Ausr\\u00fcstung, auf die es wirklich ankommt\",\"author\":{\"@id\":\"https:\\\/\\\/farosurfrentals.com\\\/de\\\/blog\\\/author\\\/farosurfrentals\\\/#author\"},\"publisher\":{\"@id\":\"https:\\\/\\\/farosurfrentals.com\\\/de\\\/#organization\"},\"image\":{\"@type\":\"ImageObject\",\"url\":\"https:\\\/\\\/farosurfrentals.com\\\/wp-content\\\/uploads\\\/2021\\\/03\\\/cropped-Logo-long-01.png\",\"@id\":\"https:\\\/\\\/farosurfrentals.com\\\/de\\\/#articleImage\",\"width\":576,\"height\":499,\"caption\":\"Faro surf rentals logo2\"},\"datePublished\":\"2026-08-10T07:49:51+00:00\",\"dateModified\":\"2026-08-10T07:49:51+00:00\",\"inLanguage\":\"de-DE\",\"mainEntityOfPage\":{\"@id\":\"https:\\\/\\\/farosurfrentals.com\\\/de\\\/blog\\\/camping-an-der-algarve-mit-dem-zelt-die-ausruestung-auf-die-es-wirklich-ankommt\\\/#webpage\"},\"isPartOf\":{\"@id\":\"https:\\\/\\\/farosurfrentals.com\\\/de\\\/blog\\\/camping-an-der-algarve-mit-dem-zelt-die-ausruestung-auf-die-es-wirklich-ankommt\\\/#webpage\"},\"articleSection\":\"Unkategorisiert\"},{\"@type\":\"BreadcrumbList\",\"@id\":\"https:\\\/\\\/farosurfrentals.com\\\/de\\\/blog\\\/camping-an-der-algarve-mit-dem-zelt-die-ausruestung-auf-die-es-wirklich-ankommt\\\/#breadcrumblist\",\"itemListElement\":[{\"@type\":\"ListItem\",\"@id\":\"https:\\\/\\\/farosurfrentals.com\\\/de\\\/#listItem\",\"position\":1,\"name\":\"Home\",\"item\":\"https:\\\/\\\/farosurfrentals.com\\\/de\\\/\",\"nextItem\":{\"@type\":\"ListItem\",\"@id\":\"https:\\\/\\\/farosurfrentals.com\\\/de\\\/blog\\\/category\\\/unkategorisiert\\\/#listItem\",\"name\":\"Unkategorisiert\"}},{\"@type\":\"ListItem\",\"@id\":\"https:\\\/\\\/farosurfrentals.com\\\/de\\\/blog\\\/category\\\/unkategorisiert\\\/#listItem\",\"position\":2,\"name\":\"Unkategorisiert\",\"item\":\"https:\\\/\\\/farosurfrentals.com\\\/de\\\/blog\\\/category\\\/unkategorisiert\\\/\",\"nextItem\":{\"@type\":\"ListItem\",\"@id\":\"https:\\\/\\\/farosurfrentals.com\\\/de\\\/blog\\\/camping-an-der-algarve-mit-dem-zelt-die-ausruestung-auf-die-es-wirklich-ankommt\\\/#listItem\",\"name\":\"Camping an der Algarve mit dem Zelt: Die Ausr\\u00fcstung, auf die es wirklich ankommt\"},\"previousItem\":{\"@type\":\"ListItem\",\"@id\":\"https:\\\/\\\/farosurfrentals.com\\\/de\\\/#listItem\",\"name\":\"Home\"}},{\"@type\":\"ListItem\",\"@id\":\"https:\\\/\\\/farosurfrentals.com\\\/de\\\/blog\\\/camping-an-der-algarve-mit-dem-zelt-die-ausruestung-auf-die-es-wirklich-ankommt\\\/#listItem\",\"position\":3,\"name\":\"Camping an der Algarve mit dem Zelt: Die Ausr\\u00fcstung, auf die es wirklich ankommt\",\"previousItem\":{\"@type\":\"ListItem\",\"@id\":\"https:\\\/\\\/farosurfrentals.com\\\/de\\\/blog\\\/category\\\/unkategorisiert\\\/#listItem\",\"name\":\"Unkategorisiert\"}}]},{\"@type\":\"Organization\",\"@id\":\"https:\\\/\\\/farosurfrentals.com\\\/de\\\/#organization\",\"name\":\"Faro Surf Rentals\",\"description\":\"Surf Rental Faro, Portugal\",\"url\":\"https:\\\/\\\/farosurfrentals.com\\\/de\\\/\",\"logo\":{\"@type\":\"ImageObject\",\"url\":\"https:\\\/\\\/farosurfrentals.com\\\/wp-content\\\/uploads\\\/2021\\\/03\\\/cropped-Logo-long-01.png\",\"@id\":\"https:\\\/\\\/farosurfrentals.com\\\/de\\\/blog\\\/camping-an-der-algarve-mit-dem-zelt-die-ausruestung-auf-die-es-wirklich-ankommt\\\/#organizationLogo\",\"width\":576,\"height\":499,\"caption\":\"Faro surf rentals logo2\"},\"image\":{\"@id\":\"https:\\\/\\\/farosurfrentals.com\\\/de\\\/blog\\\/camping-an-der-algarve-mit-dem-zelt-die-ausruestung-auf-die-es-wirklich-ankommt\\\/#organizationLogo\"}},{\"@type\":\"Person\",\"@id\":\"https:\\\/\\\/farosurfrentals.com\\\/de\\\/blog\\\/author\\\/farosurfrentals\\\/#author\",\"url\":\"https:\\\/\\\/farosurfrentals.com\\\/de\\\/blog\\\/author\\\/farosurfrentals\\\/\",\"name\":\"farosurfrentals\",\"image\":{\"@type\":\"ImageObject\",\"@id\":\"https:\\\/\\\/farosurfrentals.com\\\/de\\\/blog\\\/camping-an-der-algarve-mit-dem-zelt-die-ausruestung-auf-die-es-wirklich-ankommt\\\/#authorImage\",\"url\":\"https:\\\/\\\/secure.gravatar.com\\\/avatar\\\/85bae6fc56dc55da370805c1d796909c96c92bfb2f343f64537c281e45724747?s=96&d=mm&r=g\",\"width\":96,\"height\":96,\"caption\":\"farosurfrentals\"}},{\"@type\":\"WebPage\",\"@id\":\"https:\\\/\\\/farosurfrentals.com\\\/de\\\/blog\\\/camping-an-der-algarve-mit-dem-zelt-die-ausruestung-auf-die-es-wirklich-ankommt\\\/#webpage\",\"url\":\"https:\\\/\\\/farosurfrentals.com\\\/de\\\/blog\\\/camping-an-der-algarve-mit-dem-zelt-die-ausruestung-auf-die-es-wirklich-ankommt\\\/\",\"name\":\"Zeltcamping an der Algarve: Die Ausr\\u00fcstung, auf die es wirklich ankommt\",\"description\":\"Wind, Sonne und Sand k\\u00f6nnen an der Algarve ungeeignete Campingausr\\u00fcstung besch\\u00e4digen. Welches Zelt und welche Heringe Sie mitbringen sollten, welche Vorschriften f\\u00fcr Lagerfeuer im Sommer gelten und wo Sie legal Ihr Zelt aufschlagen d\\u00fcrfen.\",\"inLanguage\":\"de-DE\",\"isPartOf\":{\"@id\":\"https:\\\/\\\/farosurfrentals.com\\\/de\\\/#website\"},\"breadcrumb\":{\"@id\":\"https:\\\/\\\/farosurfrentals.com\\\/de\\\/blog\\\/camping-an-der-algarve-mit-dem-zelt-die-ausruestung-auf-die-es-wirklich-ankommt\\\/#breadcrumblist\"},\"author\":{\"@id\":\"https:\\\/\\\/farosurfrentals.com\\\/de\\\/blog\\\/author\\\/farosurfrentals\\\/#author\"},\"creator\":{\"@id\":\"https:\\\/\\\/farosurfrentals.com\\\/de\\\/blog\\\/author\\\/farosurfrentals\\\/#author\"},\"datePublished\":\"2026-08-10T07:49:51+00:00\",\"dateModified\":\"2026-08-10T07:49:51+00:00\"},{\"@type\":\"WebSite\",\"@id\":\"https:\\\/\\\/farosurfrentals.com\\\/de\\\/#website\",\"url\":\"https:\\\/\\\/farosurfrentals.com\\\/de\\\/\",\"name\":\"Faro Surf Rentals\",\"description\":\"Surf Rental Faro, Portugal\",\"inLanguage\":\"de-DE\",\"publisher\":{\"@id\":\"https:\\\/\\\/farosurfrentals.com\\\/de\\\/#organization\"}}]}\n\t\t<\/script>\n\t\t<!-- All in One SEO -->\n\n","aioseo_head_json":{"title":"Zeltcamping an der Algarve: Die Ausr\u00fcstung, auf die es wirklich ankommt","description":"Wind, Sonne und Sand k\u00f6nnen an der Algarve ungeeignete Campingausr\u00fcstung besch\u00e4digen. Welches Zelt und welche Heringe Sie mitbringen sollten, welche Vorschriften f\u00fcr Lagerfeuer im Sommer gelten und wo Sie legal Ihr Zelt aufschlagen d\u00fcrfen.","canonical_url":"https:\/\/farosurfrentals.com\/de\/blog\/camping-an-der-algarve-mit-dem-zelt-die-ausruestung-auf-die-es-wirklich-ankommt\/","robots":"max-image-preview:large","keywords":"","webmasterTools":{"miscellaneous":""},"schema":{"@context":"https:\/\/schema.org","@graph":[{"@type":"BlogPosting","@id":"https:\/\/farosurfrentals.com\/de\/blog\/camping-an-der-algarve-mit-dem-zelt-die-ausruestung-auf-die-es-wirklich-ankommt\/#blogposting","name":"Zeltcamping an der Algarve: Die Ausr\u00fcstung, auf die es wirklich ankommt","headline":"Camping an der Algarve mit dem Zelt: Die Ausr\u00fcstung, auf die es wirklich ankommt","author":{"@id":"https:\/\/farosurfrentals.com\/de\/blog\/author\/farosurfrentals\/#author"},"publisher":{"@id":"https:\/\/farosurfrentals.com\/de\/#organization"},"image":{"@type":"ImageObject","url":"https:\/\/farosurfrentals.com\/wp-content\/uploads\/2021\/03\/cropped-Logo-long-01.png","@id":"https:\/\/farosurfrentals.com\/de\/#articleImage","width":576,"height":499,"caption":"Faro surf rentals logo2"},"datePublished":"2026-08-10T07:49:51+00:00","dateModified":"2026-08-10T07:49:51+00:00","inLanguage":"de-DE","mainEntityOfPage":{"@id":"https:\/\/farosurfrentals.com\/de\/blog\/camping-an-der-algarve-mit-dem-zelt-die-ausruestung-auf-die-es-wirklich-ankommt\/#webpage"},"isPartOf":{"@id":"https:\/\/farosurfrentals.com\/de\/blog\/camping-an-der-algarve-mit-dem-zelt-die-ausruestung-auf-die-es-wirklich-ankommt\/#webpage"},"articleSection":"Unkategorisiert"},{"@type":"BreadcrumbList","@id":"https:\/\/farosurfrentals.com\/de\/blog\/camping-an-der-algarve-mit-dem-zelt-die-ausruestung-auf-die-es-wirklich-ankommt\/#breadcrumblist","itemListElement":[{"@type":"ListItem","@id":"https:\/\/farosurfrentals.com\/de\/#listItem","position":1,"name":"Home","item":"https:\/\/farosurfrentals.com\/de\/","nextItem":{"@type":"ListItem","@id":"https:\/\/farosurfrentals.com\/de\/blog\/category\/unkategorisiert\/#listItem","name":"Unkategorisiert"}},{"@type":"ListItem","@id":"https:\/\/farosurfrentals.com\/de\/blog\/category\/unkategorisiert\/#listItem","position":2,"name":"Unkategorisiert","item":"https:\/\/farosurfrentals.com\/de\/blog\/category\/unkategorisiert\/","nextItem":{"@type":"ListItem","@id":"https:\/\/farosurfrentals.com\/de\/blog\/camping-an-der-algarve-mit-dem-zelt-die-ausruestung-auf-die-es-wirklich-ankommt\/#listItem","name":"Camping an der Algarve mit dem Zelt: Die Ausr\u00fcstung, auf die es wirklich ankommt"},"previousItem":{"@type":"ListItem","@id":"https:\/\/farosurfrentals.com\/de\/#listItem","name":"Home"}},{"@type":"ListItem","@id":"https:\/\/farosurfrentals.com\/de\/blog\/camping-an-der-algarve-mit-dem-zelt-die-ausruestung-auf-die-es-wirklich-ankommt\/#listItem","position":3,"name":"Camping an der Algarve mit dem Zelt: Die Ausr\u00fcstung, auf die es wirklich ankommt","previousItem":{"@type":"ListItem","@id":"https:\/\/farosurfrentals.com\/de\/blog\/category\/unkategorisiert\/#listItem","name":"Unkategorisiert"}}]},{"@type":"Organization","@id":"https:\/\/farosurfrentals.com\/de\/#organization","name":"Faro Surf Rentals","description":"Surf Rental Faro, Portugal","url":"https:\/\/farosurfrentals.com\/de\/","logo":{"@type":"ImageObject","url":"https:\/\/farosurfrentals.com\/wp-content\/uploads\/2021\/03\/cropped-Logo-long-01.png","@id":"https:\/\/farosurfrentals.com\/de\/blog\/camping-an-der-algarve-mit-dem-zelt-die-ausruestung-auf-die-es-wirklich-ankommt\/#organizationLogo","width":576,"height":499,"caption":"Faro surf rentals logo2"},"image":{"@id":"https:\/\/farosurfrentals.com\/de\/blog\/camping-an-der-algarve-mit-dem-zelt-die-ausruestung-auf-die-es-wirklich-ankommt\/#organizationLogo"}},{"@type":"Person","@id":"https:\/\/farosurfrentals.com\/de\/blog\/author\/farosurfrentals\/#author","url":"https:\/\/farosurfrentals.com\/de\/blog\/author\/farosurfrentals\/","name":"farosurfrentals","image":{"@type":"ImageObject","@id":"https:\/\/farosurfrentals.com\/de\/blog\/camping-an-der-algarve-mit-dem-zelt-die-ausruestung-auf-die-es-wirklich-ankommt\/#authorImage","url":"https:\/\/secure.gravatar.com\/avatar\/85bae6fc56dc55da370805c1d796909c96c92bfb2f343f64537c281e45724747?s=96&d=mm&r=g","width":96,"height":96,"caption":"farosurfrentals"}},{"@type":"WebPage","@id":"https:\/\/farosurfrentals.com\/de\/blog\/camping-an-der-algarve-mit-dem-zelt-die-ausruestung-auf-die-es-wirklich-ankommt\/#webpage","url":"https:\/\/farosurfrentals.com\/de\/blog\/camping-an-der-algarve-mit-dem-zelt-die-ausruestung-auf-die-es-wirklich-ankommt\/","name":"Zeltcamping an der Algarve: Die Ausr\u00fcstung, auf die es wirklich ankommt","description":"Wind, Sonne und Sand k\u00f6nnen an der Algarve ungeeignete Campingausr\u00fcstung besch\u00e4digen. Welches Zelt und welche Heringe Sie mitbringen sollten, welche Vorschriften f\u00fcr Lagerfeuer im Sommer gelten und wo Sie legal Ihr Zelt aufschlagen d\u00fcrfen.","inLanguage":"de-DE","isPartOf":{"@id":"https:\/\/farosurfrentals.com\/de\/#website"},"breadcrumb":{"@id":"https:\/\/farosurfrentals.com\/de\/blog\/camping-an-der-algarve-mit-dem-zelt-die-ausruestung-auf-die-es-wirklich-ankommt\/#breadcrumblist"},"author":{"@id":"https:\/\/farosurfrentals.com\/de\/blog\/author\/farosurfrentals\/#author"},"creator":{"@id":"https:\/\/farosurfrentals.com\/de\/blog\/author\/farosurfrentals\/#author"},"datePublished":"2026-08-10T07:49:51+00:00","dateModified":"2026-08-10T07:49:51+00:00"},{"@type":"WebSite","@id":"https:\/\/farosurfrentals.com\/de\/#website","url":"https:\/\/farosurfrentals.com\/de\/","name":"Faro Surf Rentals","description":"Surf Rental Faro, Portugal","inLanguage":"de-DE","publisher":{"@id":"https:\/\/farosurfrentals.com\/de\/#organization"}}]},"og:locale":"de_DE","og:site_name":"Faro Surf Rentals - Surf Rental Faro, Portugal","og:type":"article","og:title":"Zeltcamping an der Algarve: Die Ausr\u00fcstung, auf die es wirklich ankommt","og:description":"Wind, Sonne und Sand k\u00f6nnen an der Algarve ungeeignete Campingausr\u00fcstung besch\u00e4digen. Welches Zelt und welche Heringe Sie mitbringen sollten, welche Vorschriften f\u00fcr Lagerfeuer im Sommer gelten und wo Sie legal Ihr Zelt aufschlagen d\u00fcrfen.","og:url":"https:\/\/farosurfrentals.com\/de\/blog\/camping-an-der-algarve-mit-dem-zelt-die-ausruestung-auf-die-es-wirklich-ankommt\/","og:image":"https:\/\/farosurfrentals.com\/wp-content\/uploads\/2021\/03\/cropped-Logo-long-01.png","og:image:secure_url":"https:\/\/farosurfrentals.com\/wp-content\/uploads\/2021\/03\/cropped-Logo-long-01.png","og:image:width":576,"og:image:height":499,"article:published_time":"2026-08-10T07:49:51+00:00","article:modified_time":"2026-08-10T07:49:51+00:00","twitter:card":"summary_large_image","twitter:title":"Zeltcamping an der Algarve: Die Ausr\u00fcstung, auf die es wirklich ankommt","twitter:description":"Wind, Sonne und Sand k\u00f6nnen an der Algarve ungeeignete Campingausr\u00fcstung besch\u00e4digen. Welches Zelt und welche Heringe Sie mitbringen sollten, welche Vorschriften f\u00fcr Lagerfeuer im Sommer gelten und wo Sie legal Ihr Zelt aufschlagen d\u00fcrfen.","twitter:image":"https:\/\/farosurfrentals.com\/wp-content\/uploads\/2021\/03\/cropped-Logo-long-01.png"},"aioseo_meta_data":{"post_id":"15924","title":"Zeltcamping an der Algarve: Die Ausr\u00fcstung, auf die es wirklich ankommt","description":"Wind, Sonne und Sand k\u00f6nnen an der Algarve ungeeignete Campingausr\u00fcstung besch\u00e4digen. Welches Zelt und welche Heringe Sie mitbringen sollten, welche Vorschriften f\u00fcr Lagerfeuer im Sommer gelten und wo Sie legal Ihr Zelt aufschlagen d\u00fcrfen. ","keywords":null,"keyphrases":{"focus":[],"additional":[]},"primary_term":null,"canonical_url":null,"og_title":null,"og_description":null,"og_object_type":"default","og_image_type":"default","og_image_url":null,"og_image_width":null,"og_image_height":null,"og_image_custom_url":null,"og_image_custom_fields":null,"og_video":"","og_custom_url":null,"og_article_section":null,"og_article_tags":null,"twitter_use_og":false,"twitter_card":"default","twitter_image_type":"default","twitter_image_url":null,"twitter_image_custom_url":null,"twitter_image_custom_fields":null,"twitter_title":null,"twitter_description":null,"schema":{"blockGraphs":[],"customGraphs":[],"default":{"data":{"Article":[],"Course":[],"Dataset":[],"FAQPage":[],"Movie":[],"Person":[],"Product":[],"ProductReview":[],"Car":[],"Recipe":[],"Service":[],"SoftwareApplication":[],"WebPage":[]},"graphName":"BlogPosting","isEnabled":true},"graphs":[]},"schema_type":"default","schema_type_options":null,"pillar_content":false,"robots_default":true,"robots_noindex":false,"robots_noarchive":false,"robots_nosnippet":false,"robots_nofollow":false,"robots_noimageindex":false,"robots_noodp":false,"robots_notranslate":false,"robots_max_snippet":"-1","robots_max_videopreview":"-1","robots_max_imagepreview":"large","priority":null,"frequency":"default","local_seo":null,"breadcrumb_settings":null,"limit_modified_date":false,"ai":{"faqs":[],"keyPoints":[],"schemas":[],"titles":[],"descriptions":[],"socialPosts":{"email":[],"linkedin":[],"twitter":[],"facebook":[],"instagram":[]}},"created":"2026-09-04 10:57:28","updated":"2026-09-04 10:57:28","seo_analyzer_scan_date":null,"focus_keyword":null,"additional_keywords":null,"truseo_locale":null},"aioseo_breadcrumb":"<div class=\"aioseo-breadcrumbs\"><span class=\"aioseo-breadcrumb\">\n\t\t\t<a href=\"https:\/\/farosurfrentals.com\/de\/\" title=\"Home\">Home<\/a>\n\t\t<\/span><span class=\"aioseo-breadcrumb-separator\">&raquo;<\/span><span class=\"aioseo-breadcrumb\">\n\t\t\t<a href=\"https:\/\/farosurfrentals.com\/de\/blog\/category\/unkategorisiert\/\" title=\"Unkategorisiert\">Unkategorisiert<\/a>\n\t\t<\/span><span class=\"aioseo-breadcrumb-separator\">&raquo;<\/span><span class=\"aioseo-breadcrumb\">\n\t\t\tCamping an der Algarve mit dem Zelt: Die Ausr\u00fcstung, auf die es wirklich ankommt\n\t\t<\/span><\/div>","aioseo_breadcrumb_json":[{"label":"Home","link":"https:\/\/farosurfrentals.com\/de\/"},{"label":"Unkategorisiert","link":"https:\/\/farosurfrentals.com\/de\/blog\/category\/unkategorisiert\/"},{"label":"Camping an der Algarve mit dem Zelt: Die Ausr\u00fcstung, auf die es wirklich ankommt","link":"https:\/\/farosurfrentals.com\/de\/blog\/camping-an-der-algarve-mit-dem-zelt-die-ausruestung-auf-die-es-wirklich-ankommt\/"}],"_links":{"self":[{"href":"https:\/\/farosurfrentals.com\/de\/wp-json\/wp\/v2\/posts\/15924","targetHints":{"allow":["GET"]}}],"collection":[{"href":"https:\/\/farosurfrentals.com\/de\/wp-json\/wp\/v2\/posts"}],"about":[{"href":"https:\/\/farosurfrentals.com\/de\/wp-json\/wp\/v2\/types\/post"}],"author":[{"embeddable":true,"href":"https:\/\/farosurfrentals.com\/de\/wp-json\/wp\/v2\/users\/2"}],"replies":[{"embeddable":true,"href":"https:\/\/farosurfrentals.com\/de\/wp-json\/wp\/v2\/comments?post=15924"}],"version-history":[{"count":0,"href":"https:\/\/farosurfrentals.com\/de\/wp-json\/wp\/v2\/posts\/15924\/revisions"}],"wp:attachment":[{"href":"https:\/\/farosurfrentals.com\/de\/wp-json\/wp\/v2\/media?parent=15924"}],"wp:term":[{"taxonomy":"category","embeddable":true,"href":"https:\/\/farosurfrentals.com\/de\/wp-json\/wp\/v2\/categories?post=15924"},{"taxonomy":"post_tag","embeddable":true,"href":"https:\/\/farosurfrentals.com\/de\/wp-json\/wp\/v2\/tags?post=15924"}],"curies":[{"name":"wp","href":"https:\/\/api.w.org\/{rel}","templated":true}]}}