{"id":15918,"date":"2026-08-10T07:41:48","date_gmt":"2026-08-10T07:41:48","guid":{"rendered":"https:\/\/farosurfrentals.com\/blog\/die-anreise-vom-flughafen-faro-zur-praia-de-faro-mit-oder-ohne-surfbrett\/"},"modified":"2026-08-10T07:41:48","modified_gmt":"2026-08-10T07:41:48","slug":"die-anreise-vom-flughafen-faro-zur-praia-de-faro-mit-oder-ohne-surfbrett","status":"publish","type":"post","link":"https:\/\/farosurfrentals.com\/de\/blog\/die-anreise-vom-flughafen-faro-zur-praia-de-faro-mit-oder-ohne-surfbrett\/","title":{"rendered":"Die Anreise vom Flughafen Faro zur Praia de Faro, mit oder ohne Surfbrett"},"content":{"rendered":"<p>Der Flughafen Faro liegt n\u00e4her am Strand als an der Stadt. Das \u00fcberrascht viele Menschen. Die Start- und Landebahn befindet sich am Rande der Lagune Ria Formosa, und der Praia de Faro, der lange Sandstrand auf der anderen Seite des Gew\u00e4ssers, ist \u00fcber die Stra\u00dfe weniger als 4 km entfernt. Sie k\u00f6nnen landen, Ihr Gep\u00e4ck abholen und in etwa zwanzig Minuten bereits am Strand stehen.   <\/p>\n<p>Die Anreise mit einem Surfbrett ist eine ganz andere Frage, und genau diese wird von niemandem richtig beantwortet. Hier ist die ehrliche Antwort. <\/p>\n<h2>Der Bus<\/h2>\n<p>Die von Proximo betriebene Linie 16 ist genau die richtige f\u00fcr Sie. Sie verkehrt zwischen dem Busbahnhof Faro in der Stadt und der Praia de Faro, und da der Flughafen genau auf dieser Strecke liegt, bedient dieselbe Linie beide Richtungen. <\/p>\n<p>Achten Sie auf die Zielanzeige an der Vorderseite. Wenn dort \u201ePraia de Faro\u201c steht, f\u00e4hrt der Bus zum Strand. Wenn dort \u201eT. Rodoviario\u201c steht, f\u00e4hrt er in die Stadt. Viele verwechseln dies st\u00e4ndig und fahren am Ende eine ganze Runde.   <\/p>\n<p>Der Fahrpreis betr\u00e4gt ein paar Euro, die Sie dem Fahrer in bar bezahlen, und die Fahrt vom Flughafen zum Strand dauert etwa f\u00fcnf Minuten. Die Busse verkehren im Sommer tags\u00fcber etwa alle f\u00fcnfzehn Minuten und an Wochenenden sowie in der Nebensaison alle halbe Stunde. Bitte informieren Sie sich \u00fcber den aktuellen Fahrplan, bevor Sie sich darauf verlassen, da der Winterfahrplan deutlich weniger Verbindungen vorsieht.  <\/p>\n<h2>Taxi, Uber und Bolt<\/h2>\n<p>Direkt vor dem Ankunftsbereich befindet sich ein Taxistand. Die Fahrt zum Strand ist kurz; rechnen Sie daher mit etwa zehn Euro, zuz\u00fcglich eines geringen Gep\u00e4ckzuschlags sowie h\u00f6herer Tarife in der Nacht und am Wochenende. <\/p>\n<p>Sowohl Uber als auch Bolt sind am Flughafen Faro vertreten und in der Regel einige Euro g\u00fcnstiger. F\u00fcr die Buchung ben\u00f6tigen Sie eine Mobilfunkverbindung, und im Juli und August steigen die Preise an, da es mehr Ankommende als Fahrer gibt. <\/p>\n<h2>Zu Fu\u00df und mit dem Fahrrad<\/h2>\n<p>Sie k\u00f6nnen den Weg zu Fu\u00df zur\u00fccklegen. Er dauert etwa 45 Minuten und f\u00fchrt entlang der Stra\u00dfe und \u00fcber die Br\u00fccke auf die Sandbank. Der Weg ist eben und am fr\u00fchen Morgen durchaus angenehm, doch es gibt keinen Schatten und die Stra\u00dfe ist an einigen Stellen schmal. Mit einem Rucksack ist das kein Problem, im August zur Mittagszeit jedoch unrealistisch.   <\/p>\n<p>Mit dem Fahrrad kommt man schneller voran, und die Einheimischen nutzen dieses Fortbewegungsmittel, doch der Br\u00fcckenabschnitt ist eng, und es gibt auf der gesamten Strecke keinen separaten Radweg.<\/p>\n<h2>Nun zum eigentlichen Problem<\/h2>\n<p>Jede der oben genannten M\u00f6glichkeiten scheitert in dem Moment, in dem Sie ein 7- oder 8-Fu\u00df-Brett mit sich f\u00fchren.<\/p>\n<p>Ein Nahverkehrsbus nimmt es nicht mit, und selbst wenn ein Fahrer Sie heranwinken w\u00fcrde, w\u00e4ren Sie genau die Person, die in der Hochsaison auf einer 15-min\u00fctigen Fahrt den Gang blockiert. In ein normales Taxi passt es nicht hinein, und Uber- und Bolt-Fahrer, die in einer Limousine vorfahren, werden den Auftrag stornieren, sobald sie sehen, was Sie in den Armen halten. Ein 45-min\u00fctiger Fu\u00dfmarsch mit einem Surfbrett unter dem Arm in der Hitze der Algarve ist ein unangenehmer Nachmittag.  <\/p>\n<p>Bei einem Spielbrett gibt es also tats\u00e4chlich zwei praktikable L\u00f6sungen.<\/p>\n<p><strong>Ein Mietwagen mit Dachgep\u00e4cktr\u00e4ger oder Spanngurten.<\/strong>  Die meisten Mietwagen in Faro verf\u00fcgen entweder \u00fcber einfache Dachtr\u00e4ger oder gar keine, weshalb Sie weiche Dachgurte ben\u00f6tigen, die \u00fcber die T\u00fcrrahmen auf dem Dach verlaufen und das Surfbrett flach fixieren. Die Miete daf\u00fcr ist sehr g\u00fcnstig, und sie machen den Unterschied zwischen einer gelungenen und einer missgl\u00fcckten Reise aus. <\/p>\n<p><strong>Oder bringen Sie gar kein Brett mit.<\/strong>  Wenn das Surfbrett der einzige Grund ist, warum Sie ein gr\u00f6\u00dferes Auto ben\u00f6tigen, geht die Rechnung oft nicht mehr auf. Fluggesellschaften berechnen ab 60 Euro pro Strecke f\u00fcr den Transport eines Surfbretts; darauf gehen wir ausf\u00fchrlich in unserem Artikel <a href=\"https:\/\/farosurfrentals.com\/de\/blog\/mit-einem-surfbrett-nach-faro-fliegen-was-es-kostet-und-wann-es-guenstiger-ist-vor-ort-ein-brett-zu-mieten\/\">\u201eWas Fluggesellschaften f\u00fcr ein Surfbrett berechnen<\/a>\u201c ein. <\/p>\n<h2>Wie die Praia de Faro tats\u00e4chlich ist<\/h2>\n<p>Man sollte diesbez\u00fcglich ganz offen sein. Praia de Faro ist ein langer, offener Sandstrand auf einer Barriereinsel, mit dem Meer auf der einen Seite und der Lagune auf der anderen. Es ist ein herrlicher Ort zum Schwimmen, Paddeln und um einen Tag zu verbringen, und genau dorthin sollten Sie gehen, wenn Sie zwischen zwei Fl\u00fcgen ein paar Stunden Zeit haben.  <\/p>\n<p>Es handelt sich nicht um einen zuverl\u00e4ssigen Surfstrand. Da er nach S\u00fcden ausgerichtet ist, liegt er im Schutz vor dem Atlantik-Swell, der auf die Westk\u00fcste trifft, und ist den gr\u00f6\u00dften Teil des Sommers \u00fcber wellenlos. Bei starkem s\u00fcdlichem Winterswell kommt jedoch Bewegung in die Dinge, und wenn dies geschieht, geh\u00f6rt er zu den einladendsten Wellen der Region. Sollte das Surfen jedoch der Hauptgrund Ihrer Reise sein, finden Sie die Wellen an der Westk\u00fcste, die anderthalb Stunden entfernt liegt. Wir haben <a href=\"https:\/\/farosurfrentals.com\/de\/blog\/surfen-an-der-algarve-fuer-anfaenger-welche-kueste-empfiehlt-sich-zu-welcher-jahreszeit\/\">hier<\/a> dar\u00fcber berichtet, welche K\u00fcste zu welcher Jahreszeit am besten geeignet ist.    <\/p>\n<p>Die wahre St\u00e4rke der Praia de Faro liegt auf der Lagunenseite. Flaches, seichtes, warmes Wasser direkt vor dem Strand \u2013 ideal zum Paddeln. Aus diesem Grund beginnen die meisten unserer SUP-Verleih-Touren hier.  <\/p>\n<h2>Die kurze Antwort<\/h2>\n<p>Ohne Fahrkarte: Nehmen Sie die Linie 16, Fahrzeit f\u00fcnf Minuten, Kosten einige Euro.<\/p>\n<p>Mit einem Brett: Mietwagen plus Dachtr\u00e4ger oder holen Sie Ihre Ausr\u00fcstung stattdessen hier ab. Wir befinden uns 1,5 km vom Flughafen entfernt, auf dem Weg zum Strand. So k\u00f6nnen Sie sich auf dem Weg aus der Ankunftshalle ein <a href=\"https:\/\/farosurfrentals.com\/de\/blog\/surfbrettverleih-in-faro-ganz-einfach-schnelle-abholung-in-der-naehe-des-flughafens\/\">Surfbrett<\/a> oder ein <a href=\"https:\/\/farosurfrentals.com\/de\/blog\/sup-verleih-in-faro-unkompliziert-unterhaltsam-und-in-der-naehe-des-flughafens\/\">Paddleboard<\/a> abholen und noch am selben Vormittag ins Wasser gehen. Falls Ihr Auto keinen Dachtr\u00e4ger hat, k\u00f6nnen Sie Dachgurte mieten.  <\/p>\n<h2>Bildnachweise<\/h2>\n<p>Foto von Praia de Faro von Vitor Oliveira, lizenziert unter <a href=\"https:\/\/creativecommons.org\/licenses\/by-sa\/2.0\/\" rel=\"noopener nofollow\">CC BY-SA 2.0<\/a>, \u00fcber <a href=\"https:\/\/commons.wikimedia.org\/wiki\/File:Praia_de_Faro_-_Portugal_(6697971433).jpg\" rel=\"noopener nofollow\">Wikimedia Commons<\/a>. F\u00fcr diese Seite in der Gr\u00f6\u00dfe angepasst. <\/p>\n<h2>Buchen Sie Ihre Ausr\u00fcstung<\/h2>\n<p>Alle Unterk\u00fcnfte befinden sich 1,5 km vom Flughafen Faro entfernt, auf dem Weg von der Ankunftshalle zum Terminal. W\u00e4hlen Sie unten Ihre Reisedaten aus und pr\u00fcfen Sie die Verf\u00fcgbarkeit. <\/p>\n\n<div class=\"wrap plugin-container\">\n\n\t\n\t\n\t<div class=\"vri-page-content\">\r\n<h3 class=\"vri-page-head-title\">Inhalt<\/h3>\t<div class=\"vrilistcontainer\">\r\n\t\t<div class=\"vri-list-item-block\">\r\n\t\t\t<div class=\"vri-list-item-inner\">\r\n\t\t\t\t\t\t\t<div class=\"vri-list-item-img\">\r\n\t\t\t\t\t<img decoding=\"async\" src=\"https:\/\/farosurfrentals.com\/wp-content\/plugins\/vikrentitems\/admin\/resources\/vthumb_surf_racks_chat_gdp_1.png\" alt=\"\" class=\"vrilistimg\"\/>\r\n\t\t\t\t<\/div>\r\n\t\t\t\t\t\t\t\t<div class=\"vri-list-item-descr\">\r\n\t\t\t\t\t<span class=\"vrilistitemname\">Car Roof Rack Surf<\/span>\r\n\t\t\t\t\t<span class=\"vrilistitemcat\">Wassersport, Anderes<\/span>\r\n\t\t\t\t\t<div class=\"vrilistitemdescr\">\r\n\t\t\t\t\t\t<p>Up to 3 surfboards<\/p>\n\t\t\t\t\t<\/div>\r\n\t\t\t\t\t\t\t\t<\/div>\r\n\t\t\t<\/div>\r\n\t\t\t<div class=\"vri-list-item-cont\">\r\n\t\t\t\t<div class=\"vrilistcostdivcont\">\r\n\t\t\t\t\t\t\t\t\t\t<div class=\"vrilistdivcost\">\r\n\t\t\t\t\t\t<span class=\"vriliststartfrom\">Ab<\/span>\r\n\t\t\t\t\t\t<span class=\"item_cost\">\u20ac 5.00<\/span>\r\n\t\t\t\t\t\t<span class=\"vriliststartfromtext\">pro Stunde<\/span>\r\n\t\t\t\t\t<\/div>\r\n\t\t\t\t\t\t\t\t\t\t<span class=\"vrilistgoonlist\"><a href=\"https:\/\/farosurfrentals.com\/de\/blog\/die-anreise-vom-flughafen-faro-zur-praia-de-faro-mit-oder-ohne-surfbrett\/?option=com_vikrentitems&amp;view=itemdetails&amp;elemid=24\">Details anzeigen<\/a><\/span>\r\n\t\t\t\t<\/div>\r\n\t\t\t<\/div>\r\n\t\t<\/div>\r\n\t\t\t<div class=\"vri-list-item-block\">\r\n\t\t\t<div class=\"vri-list-item-inner\">\r\n\t\t\t\t\t\t\t<div class=\"vri-list-item-img\">\r\n\t\t\t\t\t<img decoding=\"async\" src=\"https:\/\/farosurfrentals.com\/wp-content\/plugins\/vikrentitems\/admin\/resources\/vthumb_snorkle_set_white.jpg\" alt=\"\" class=\"vrilistimg\"\/>\r\n\t\t\t\t<\/div>\r\n\t\t\t\t\t\t\t\t<div class=\"vri-list-item-descr\">\r\n\t\t\t\t\t<span class=\"vrilistitemname\">Snorkeling Set<\/span>\r\n\t\t\t\t\t<span class=\"vrilistitemcat\">Wassersport<\/span>\r\n\t\t\t\t\t<div class=\"vrilistitemdescr\">\r\n\t\t\t\t\t\t<p>Snorkel Set: Brille + Schnorchelschlauch +<br \/>\nFlossen (Schuhgr\u00f6\u00dfe: 37-38, 39-42, 43-45)<\/p>\n\t\t\t\t\t<\/div>\r\n\t\t\t\t\t\t\t\t<\/div>\r\n\t\t\t<\/div>\r\n\t\t\t<div class=\"vri-list-item-cont\">\r\n\t\t\t\t<div class=\"vrilistcostdivcont\">\r\n\t\t\t\t\t\t\t\t\t\t<div class=\"vrilistdivcost\">\r\n\t\t\t\t\t\t<span class=\"vriliststartfrom\">Ab<\/span>\r\n\t\t\t\t\t\t<span class=\"item_cost\">\u20ac 5.00<\/span>\r\n\t\t\t\t\t\t<span class=\"vriliststartfromtext\">pro Tag<\/span>\r\n\t\t\t\t\t<\/div>\r\n\t\t\t\t\t\t\t\t\t\t<span class=\"vrilistgoonlist\"><a href=\"https:\/\/farosurfrentals.com\/de\/blog\/die-anreise-vom-flughafen-faro-zur-praia-de-faro-mit-oder-ohne-surfbrett\/?option=com_vikrentitems&amp;view=itemdetails&amp;elemid=6\">Details anzeigen<\/a><\/span>\r\n\t\t\t\t<\/div>\r\n\t\t\t<\/div>\r\n\t\t<\/div>\r\n\t\t\t<div class=\"vri-list-item-block\">\r\n\t\t\t<div class=\"vri-list-item-inner\">\r\n\t\t\t\t\t\t\t<div class=\"vri-list-item-img\">\r\n\t\t\t\t\t<img decoding=\"async\" src=\"https:\/\/farosurfrentals.com\/wp-content\/plugins\/vikrentitems\/admin\/resources\/vthumb_adobestock_1130219670.jpeg\" alt=\"\" class=\"vrilistimg\"\/>\r\n\t\t\t\t<\/div>\r\n\t\t\t\t\t\t\t\t<div class=\"vri-list-item-descr\">\r\n\t\t\t\t\t<span class=\"vrilistitemname\">Neoprenanzug<\/span>\r\n\t\t\t\t\t<span class=\"vrilistitemcat\">Wassersport<\/span>\r\n\t\t\t\t\t<div class=\"vrilistitemdescr\">\r\n\t\t\t\t\t\t<p>Neoprenanz\u00fcge in allen Gr\u00f6\u00dfen, perfekt f\u00fcr portugiesische Wassertemperaturen.<\/p>\n\t\t\t\t\t<\/div>\r\n\t\t\t\t\t\t\t\t<\/div>\r\n\t\t\t<\/div>\r\n\t\t\t<div class=\"vri-list-item-cont\">\r\n\t\t\t\t<div class=\"vrilistcostdivcont\">\r\n\t\t\t\t\t\t\t\t\t\t<div class=\"vrilistdivcost\">\r\n\t\t\t\t\t\t<span class=\"vriliststartfrom\">Ab<\/span>\r\n\t\t\t\t\t\t<span class=\"item_cost\">\u20ac 3.00<\/span>\r\n\t\t\t\t\t\t<span class=\"vriliststartfromtext\">pro Tag<\/span>\r\n\t\t\t\t\t<\/div>\r\n\t\t\t\t\t\t\t\t\t\t<span class=\"vrilistgoonlist\"><a href=\"https:\/\/farosurfrentals.com\/de\/blog\/die-anreise-vom-flughafen-faro-zur-praia-de-faro-mit-oder-ohne-surfbrett\/?option=com_vikrentitems&amp;view=itemdetails&amp;elemid=9\">Details anzeigen<\/a><\/span>\r\n\t\t\t\t<\/div>\r\n\t\t\t<\/div>\r\n\t\t<\/div>\r\n\t\t<\/div>\r\n\r\n\t<div class=\"vri-pagination\">\n<div class=\"tablenav bottom\">\n\n\t<div class=\"tablenav-pages\">\n\t\t<span class=\"displaying-num\">15 items<\/span>\n\n\t\t<span class=\"pagination-links\">\n\n\t\t\t\t\t\t\n\t\t\t\t<span class=\"tablenav-pages-navspan button disabled\" aria-hidden=\"true\">\u00ab<\/span>\n\n\t\t\t\n\t\t\t\t\t\t\n\t\t\t\t<span class=\"tablenav-pages-navspan button disabled\" aria-hidden=\"true\">\u2039<\/span>\n\n\t\t\t\n\t\t\t<span class=\"screen-reader-text\">Current Page<\/span>\n\t\t\t<span id=\"table-paging\" class=\"paging-input\">\n\t\t\t\t<span class=\"tablenav-paging-text\">\n\t\t\t\t\t1 of <span class=\"total-pages\">5<\/span>\t\t\t\t<\/span>\n\t\t\t<\/span>\n\n\t\t\t\n\t\t\t\t<a class=\"next-page button\" href=\"https:\/\/farosurfrentals.com\/de\/wp-json\/wp\/v2\/posts\/15918?limitstart=3\">\n\t\t\t\t\t<span class=\"screen-reader-text\">Next page<\/span>\n\t\t\t\t\t<span aria-hidden=\"true\">\u203a<\/span>\n\t\t\t\t<\/a>\n\n\t\t\t\t\t\t\n\t\t\t\n\t\t\t\t<a class=\"last-page button\" href=\"https:\/\/farosurfrentals.com\/de\/wp-json\/wp\/v2\/posts\/15918?limitstart=12\">\n\t\t\t\t\t<span class=\"screen-reader-text\">Last page<\/span>\n\t\t\t\t\t<span aria-hidden=\"true\">\u00bb<\/span>\n\t\t\t\t<\/a>\n\n\t\t\t\n\t\t<\/span>\n\t<\/div>\n\n\t<br class=\"clear\">\n\n<\/div>\n<\/div>\r\n\t<\/div>\r\n\n<\/div>\n\n","protected":false},"excerpt":{"rendered":"<p>Praia de Faro liegt weniger als 4 km vom Flughafen entfernt. Die M\u00f6glichkeiten, mit dem Bus, dem Taxi oder zu Fu\u00df dorthin zu gelangen, und was tats\u00e4chlich praktikabel ist, wenn man ein Surfbrett mit sich f\u00fchrt. <\/p>\n","protected":false},"author":2,"featured_media":0,"comment_status":"closed","ping_status":"closed","sticky":false,"template":"","format":"standard","meta":{"footnotes":""},"categories":[27],"tags":[],"class_list":["post-15918","post","type-post","status-publish","format-standard","hentry","category-unkategorisiert"],"aioseo_notices":[],"aioseo_head":"\n\t\t<!-- All in One SEO 5.0.1.1 - aioseo.com -->\n\t<meta name=\"description\" content=\"Praia de Faro liegt weniger als 4 km vom Flughafen Faro entfernt. Informationen zur Buslinie 16, zu den Kosten f\u00fcr Taxi und Uber, zu den Gehzeiten sowie dazu, was mit einem Surfbrett tats\u00e4chlich machbar ist.\" \/>\n\t<meta name=\"robots\" content=\"max-image-preview:large\" \/>\n\t<meta name=\"author\" content=\"farosurfrentals\"\/>\n\t<link rel=\"canonical\" href=\"https:\/\/farosurfrentals.com\/de\/blog\/die-anreise-vom-flughafen-faro-zur-praia-de-faro-mit-oder-ohne-surfbrett\/\" \/>\n\t<meta name=\"generator\" content=\"All in One SEO (AIOSEO) 5.0.1.1\" \/>\n\t\t<meta property=\"og:locale\" content=\"de_DE\" \/>\n\t\t<meta property=\"og:site_name\" content=\"Faro Surf Rentals - Surf Rental Faro, Portugal\" \/>\n\t\t<meta property=\"og:type\" content=\"article\" \/>\n\t\t<meta property=\"og:title\" content=\"Vom Flughafen Faro nach Praia de Faro: Bus, Taxi und Shuttlebusse\" \/>\n\t\t<meta property=\"og:description\" content=\"Praia de Faro liegt weniger als 4 km vom Flughafen Faro entfernt. Informationen zur Buslinie 16, zu den Kosten f\u00fcr Taxi und Uber, zu den Gehzeiten sowie dazu, was mit einem Surfbrett tats\u00e4chlich machbar ist.\" \/>\n\t\t<meta property=\"og:url\" content=\"https:\/\/farosurfrentals.com\/de\/blog\/die-anreise-vom-flughafen-faro-zur-praia-de-faro-mit-oder-ohne-surfbrett\/\" \/>\n\t\t<meta property=\"og:image\" content=\"https:\/\/farosurfrentals.com\/wp-content\/uploads\/2021\/03\/cropped-Logo-long-01.png\" \/>\n\t\t<meta property=\"og:image:secure_url\" content=\"https:\/\/farosurfrentals.com\/wp-content\/uploads\/2021\/03\/cropped-Logo-long-01.png\" \/>\n\t\t<meta property=\"og:image:width\" content=\"576\" \/>\n\t\t<meta property=\"og:image:height\" content=\"499\" \/>\n\t\t<meta property=\"article:published_time\" content=\"2026-08-10T07:41:48+00:00\" \/>\n\t\t<meta property=\"article:modified_time\" content=\"2026-08-10T07:41:48+00:00\" \/>\n\t\t<meta name=\"twitter:card\" content=\"summary_large_image\" \/>\n\t\t<meta name=\"twitter:title\" content=\"Vom Flughafen Faro nach Praia de Faro: Bus, Taxi und Shuttlebusse\" \/>\n\t\t<meta name=\"twitter:description\" content=\"Praia de Faro liegt weniger als 4 km vom Flughafen Faro entfernt. Informationen zur Buslinie 16, zu den Kosten f\u00fcr Taxi und Uber, zu den Gehzeiten sowie dazu, was mit einem Surfbrett tats\u00e4chlich machbar ist.\" \/>\n\t\t<meta name=\"twitter:image\" content=\"https:\/\/farosurfrentals.com\/wp-content\/uploads\/2021\/03\/cropped-Logo-long-01.png\" \/>\n\t\t<script type=\"application\/ld+json\" class=\"aioseo-schema\">\n\t\t\t{\"@context\":\"https:\\\/\\\/schema.org\",\"@graph\":[{\"@type\":\"BlogPosting\",\"@id\":\"https:\\\/\\\/farosurfrentals.com\\\/de\\\/blog\\\/die-anreise-vom-flughafen-faro-zur-praia-de-faro-mit-oder-ohne-surfbrett\\\/#blogposting\",\"name\":\"Vom Flughafen Faro nach Praia de Faro: Bus, Taxi und Shuttlebusse\",\"headline\":\"Die Anreise vom Flughafen Faro zur Praia de Faro, mit oder ohne Surfbrett\",\"author\":{\"@id\":\"https:\\\/\\\/farosurfrentals.com\\\/de\\\/blog\\\/author\\\/farosurfrentals\\\/#author\"},\"publisher\":{\"@id\":\"https:\\\/\\\/farosurfrentals.com\\\/de\\\/#organization\"},\"image\":{\"@type\":\"ImageObject\",\"url\":\"https:\\\/\\\/farosurfrentals.com\\\/wp-content\\\/uploads\\\/2021\\\/03\\\/cropped-Logo-long-01.png\",\"@id\":\"https:\\\/\\\/farosurfrentals.com\\\/de\\\/#articleImage\",\"width\":576,\"height\":499,\"caption\":\"Faro surf rentals logo2\"},\"datePublished\":\"2026-08-10T07:41:48+00:00\",\"dateModified\":\"2026-08-10T07:41:48+00:00\",\"inLanguage\":\"de-DE\",\"mainEntityOfPage\":{\"@id\":\"https:\\\/\\\/farosurfrentals.com\\\/de\\\/blog\\\/die-anreise-vom-flughafen-faro-zur-praia-de-faro-mit-oder-ohne-surfbrett\\\/#webpage\"},\"isPartOf\":{\"@id\":\"https:\\\/\\\/farosurfrentals.com\\\/de\\\/blog\\\/die-anreise-vom-flughafen-faro-zur-praia-de-faro-mit-oder-ohne-surfbrett\\\/#webpage\"},\"articleSection\":\"Unkategorisiert\"},{\"@type\":\"BreadcrumbList\",\"@id\":\"https:\\\/\\\/farosurfrentals.com\\\/de\\\/blog\\\/die-anreise-vom-flughafen-faro-zur-praia-de-faro-mit-oder-ohne-surfbrett\\\/#breadcrumblist\",\"itemListElement\":[{\"@type\":\"ListItem\",\"@id\":\"https:\\\/\\\/farosurfrentals.com\\\/de\\\/#listItem\",\"position\":1,\"name\":\"Home\",\"item\":\"https:\\\/\\\/farosurfrentals.com\\\/de\\\/\",\"nextItem\":{\"@type\":\"ListItem\",\"@id\":\"https:\\\/\\\/farosurfrentals.com\\\/de\\\/blog\\\/category\\\/unkategorisiert\\\/#listItem\",\"name\":\"Unkategorisiert\"}},{\"@type\":\"ListItem\",\"@id\":\"https:\\\/\\\/farosurfrentals.com\\\/de\\\/blog\\\/category\\\/unkategorisiert\\\/#listItem\",\"position\":2,\"name\":\"Unkategorisiert\",\"item\":\"https:\\\/\\\/farosurfrentals.com\\\/de\\\/blog\\\/category\\\/unkategorisiert\\\/\",\"nextItem\":{\"@type\":\"ListItem\",\"@id\":\"https:\\\/\\\/farosurfrentals.com\\\/de\\\/blog\\\/die-anreise-vom-flughafen-faro-zur-praia-de-faro-mit-oder-ohne-surfbrett\\\/#listItem\",\"name\":\"Die Anreise vom Flughafen Faro zur Praia de Faro, mit oder ohne Surfbrett\"},\"previousItem\":{\"@type\":\"ListItem\",\"@id\":\"https:\\\/\\\/farosurfrentals.com\\\/de\\\/#listItem\",\"name\":\"Home\"}},{\"@type\":\"ListItem\",\"@id\":\"https:\\\/\\\/farosurfrentals.com\\\/de\\\/blog\\\/die-anreise-vom-flughafen-faro-zur-praia-de-faro-mit-oder-ohne-surfbrett\\\/#listItem\",\"position\":3,\"name\":\"Die Anreise vom Flughafen Faro zur Praia de Faro, mit oder ohne Surfbrett\",\"previousItem\":{\"@type\":\"ListItem\",\"@id\":\"https:\\\/\\\/farosurfrentals.com\\\/de\\\/blog\\\/category\\\/unkategorisiert\\\/#listItem\",\"name\":\"Unkategorisiert\"}}]},{\"@type\":\"Organization\",\"@id\":\"https:\\\/\\\/farosurfrentals.com\\\/de\\\/#organization\",\"name\":\"Faro Surf Rentals\",\"description\":\"Surf Rental Faro, Portugal\",\"url\":\"https:\\\/\\\/farosurfrentals.com\\\/de\\\/\",\"logo\":{\"@type\":\"ImageObject\",\"url\":\"https:\\\/\\\/farosurfrentals.com\\\/wp-content\\\/uploads\\\/2021\\\/03\\\/cropped-Logo-long-01.png\",\"@id\":\"https:\\\/\\\/farosurfrentals.com\\\/de\\\/blog\\\/die-anreise-vom-flughafen-faro-zur-praia-de-faro-mit-oder-ohne-surfbrett\\\/#organizationLogo\",\"width\":576,\"height\":499,\"caption\":\"Faro surf rentals logo2\"},\"image\":{\"@id\":\"https:\\\/\\\/farosurfrentals.com\\\/de\\\/blog\\\/die-anreise-vom-flughafen-faro-zur-praia-de-faro-mit-oder-ohne-surfbrett\\\/#organizationLogo\"}},{\"@type\":\"Person\",\"@id\":\"https:\\\/\\\/farosurfrentals.com\\\/de\\\/blog\\\/author\\\/farosurfrentals\\\/#author\",\"url\":\"https:\\\/\\\/farosurfrentals.com\\\/de\\\/blog\\\/author\\\/farosurfrentals\\\/\",\"name\":\"farosurfrentals\",\"image\":{\"@type\":\"ImageObject\",\"@id\":\"https:\\\/\\\/farosurfrentals.com\\\/de\\\/blog\\\/die-anreise-vom-flughafen-faro-zur-praia-de-faro-mit-oder-ohne-surfbrett\\\/#authorImage\",\"url\":\"https:\\\/\\\/secure.gravatar.com\\\/avatar\\\/85bae6fc56dc55da370805c1d796909c96c92bfb2f343f64537c281e45724747?s=96&d=mm&r=g\",\"width\":96,\"height\":96,\"caption\":\"farosurfrentals\"}},{\"@type\":\"WebPage\",\"@id\":\"https:\\\/\\\/farosurfrentals.com\\\/de\\\/blog\\\/die-anreise-vom-flughafen-faro-zur-praia-de-faro-mit-oder-ohne-surfbrett\\\/#webpage\",\"url\":\"https:\\\/\\\/farosurfrentals.com\\\/de\\\/blog\\\/die-anreise-vom-flughafen-faro-zur-praia-de-faro-mit-oder-ohne-surfbrett\\\/\",\"name\":\"Vom Flughafen Faro nach Praia de Faro: Bus, Taxi und Shuttlebusse\",\"description\":\"Praia de Faro liegt weniger als 4 km vom Flughafen Faro entfernt. Informationen zur Buslinie 16, zu den Kosten f\\u00fcr Taxi und Uber, zu den Gehzeiten sowie dazu, was mit einem Surfbrett tats\\u00e4chlich machbar ist.\",\"inLanguage\":\"de-DE\",\"isPartOf\":{\"@id\":\"https:\\\/\\\/farosurfrentals.com\\\/de\\\/#website\"},\"breadcrumb\":{\"@id\":\"https:\\\/\\\/farosurfrentals.com\\\/de\\\/blog\\\/die-anreise-vom-flughafen-faro-zur-praia-de-faro-mit-oder-ohne-surfbrett\\\/#breadcrumblist\"},\"author\":{\"@id\":\"https:\\\/\\\/farosurfrentals.com\\\/de\\\/blog\\\/author\\\/farosurfrentals\\\/#author\"},\"creator\":{\"@id\":\"https:\\\/\\\/farosurfrentals.com\\\/de\\\/blog\\\/author\\\/farosurfrentals\\\/#author\"},\"datePublished\":\"2026-08-10T07:41:48+00:00\",\"dateModified\":\"2026-08-10T07:41:48+00:00\"},{\"@type\":\"WebSite\",\"@id\":\"https:\\\/\\\/farosurfrentals.com\\\/de\\\/#website\",\"url\":\"https:\\\/\\\/farosurfrentals.com\\\/de\\\/\",\"name\":\"Faro Surf Rentals\",\"description\":\"Surf Rental Faro, Portugal\",\"inLanguage\":\"de-DE\",\"publisher\":{\"@id\":\"https:\\\/\\\/farosurfrentals.com\\\/de\\\/#organization\"}}]}\n\t\t<\/script>\n\t\t<!-- All in One SEO -->\n\n","aioseo_head_json":{"title":"Vom Flughafen Faro nach Praia de Faro: Bus, Taxi und Shuttlebusse","description":"Praia de Faro liegt weniger als 4 km vom Flughafen Faro entfernt. Informationen zur Buslinie 16, zu den Kosten f\u00fcr Taxi und Uber, zu den Gehzeiten sowie dazu, was mit einem Surfbrett tats\u00e4chlich machbar ist.","canonical_url":"https:\/\/farosurfrentals.com\/de\/blog\/die-anreise-vom-flughafen-faro-zur-praia-de-faro-mit-oder-ohne-surfbrett\/","robots":"max-image-preview:large","keywords":"","webmasterTools":{"miscellaneous":""},"schema":{"@context":"https:\/\/schema.org","@graph":[{"@type":"BlogPosting","@id":"https:\/\/farosurfrentals.com\/de\/blog\/die-anreise-vom-flughafen-faro-zur-praia-de-faro-mit-oder-ohne-surfbrett\/#blogposting","name":"Vom Flughafen Faro nach Praia de Faro: Bus, Taxi und Shuttlebusse","headline":"Die Anreise vom Flughafen Faro zur Praia de Faro, mit oder ohne Surfbrett","author":{"@id":"https:\/\/farosurfrentals.com\/de\/blog\/author\/farosurfrentals\/#author"},"publisher":{"@id":"https:\/\/farosurfrentals.com\/de\/#organization"},"image":{"@type":"ImageObject","url":"https:\/\/farosurfrentals.com\/wp-content\/uploads\/2021\/03\/cropped-Logo-long-01.png","@id":"https:\/\/farosurfrentals.com\/de\/#articleImage","width":576,"height":499,"caption":"Faro surf rentals logo2"},"datePublished":"2026-08-10T07:41:48+00:00","dateModified":"2026-08-10T07:41:48+00:00","inLanguage":"de-DE","mainEntityOfPage":{"@id":"https:\/\/farosurfrentals.com\/de\/blog\/die-anreise-vom-flughafen-faro-zur-praia-de-faro-mit-oder-ohne-surfbrett\/#webpage"},"isPartOf":{"@id":"https:\/\/farosurfrentals.com\/de\/blog\/die-anreise-vom-flughafen-faro-zur-praia-de-faro-mit-oder-ohne-surfbrett\/#webpage"},"articleSection":"Unkategorisiert"},{"@type":"BreadcrumbList","@id":"https:\/\/farosurfrentals.com\/de\/blog\/die-anreise-vom-flughafen-faro-zur-praia-de-faro-mit-oder-ohne-surfbrett\/#breadcrumblist","itemListElement":[{"@type":"ListItem","@id":"https:\/\/farosurfrentals.com\/de\/#listItem","position":1,"name":"Home","item":"https:\/\/farosurfrentals.com\/de\/","nextItem":{"@type":"ListItem","@id":"https:\/\/farosurfrentals.com\/de\/blog\/category\/unkategorisiert\/#listItem","name":"Unkategorisiert"}},{"@type":"ListItem","@id":"https:\/\/farosurfrentals.com\/de\/blog\/category\/unkategorisiert\/#listItem","position":2,"name":"Unkategorisiert","item":"https:\/\/farosurfrentals.com\/de\/blog\/category\/unkategorisiert\/","nextItem":{"@type":"ListItem","@id":"https:\/\/farosurfrentals.com\/de\/blog\/die-anreise-vom-flughafen-faro-zur-praia-de-faro-mit-oder-ohne-surfbrett\/#listItem","name":"Die Anreise vom Flughafen Faro zur Praia de Faro, mit oder ohne Surfbrett"},"previousItem":{"@type":"ListItem","@id":"https:\/\/farosurfrentals.com\/de\/#listItem","name":"Home"}},{"@type":"ListItem","@id":"https:\/\/farosurfrentals.com\/de\/blog\/die-anreise-vom-flughafen-faro-zur-praia-de-faro-mit-oder-ohne-surfbrett\/#listItem","position":3,"name":"Die Anreise vom Flughafen Faro zur Praia de Faro, mit oder ohne Surfbrett","previousItem":{"@type":"ListItem","@id":"https:\/\/farosurfrentals.com\/de\/blog\/category\/unkategorisiert\/#listItem","name":"Unkategorisiert"}}]},{"@type":"Organization","@id":"https:\/\/farosurfrentals.com\/de\/#organization","name":"Faro Surf Rentals","description":"Surf Rental Faro, Portugal","url":"https:\/\/farosurfrentals.com\/de\/","logo":{"@type":"ImageObject","url":"https:\/\/farosurfrentals.com\/wp-content\/uploads\/2021\/03\/cropped-Logo-long-01.png","@id":"https:\/\/farosurfrentals.com\/de\/blog\/die-anreise-vom-flughafen-faro-zur-praia-de-faro-mit-oder-ohne-surfbrett\/#organizationLogo","width":576,"height":499,"caption":"Faro surf rentals logo2"},"image":{"@id":"https:\/\/farosurfrentals.com\/de\/blog\/die-anreise-vom-flughafen-faro-zur-praia-de-faro-mit-oder-ohne-surfbrett\/#organizationLogo"}},{"@type":"Person","@id":"https:\/\/farosurfrentals.com\/de\/blog\/author\/farosurfrentals\/#author","url":"https:\/\/farosurfrentals.com\/de\/blog\/author\/farosurfrentals\/","name":"farosurfrentals","image":{"@type":"ImageObject","@id":"https:\/\/farosurfrentals.com\/de\/blog\/die-anreise-vom-flughafen-faro-zur-praia-de-faro-mit-oder-ohne-surfbrett\/#authorImage","url":"https:\/\/secure.gravatar.com\/avatar\/85bae6fc56dc55da370805c1d796909c96c92bfb2f343f64537c281e45724747?s=96&d=mm&r=g","width":96,"height":96,"caption":"farosurfrentals"}},{"@type":"WebPage","@id":"https:\/\/farosurfrentals.com\/de\/blog\/die-anreise-vom-flughafen-faro-zur-praia-de-faro-mit-oder-ohne-surfbrett\/#webpage","url":"https:\/\/farosurfrentals.com\/de\/blog\/die-anreise-vom-flughafen-faro-zur-praia-de-faro-mit-oder-ohne-surfbrett\/","name":"Vom Flughafen Faro nach Praia de Faro: Bus, Taxi und Shuttlebusse","description":"Praia de Faro liegt weniger als 4 km vom Flughafen Faro entfernt. Informationen zur Buslinie 16, zu den Kosten f\u00fcr Taxi und Uber, zu den Gehzeiten sowie dazu, was mit einem Surfbrett tats\u00e4chlich machbar ist.","inLanguage":"de-DE","isPartOf":{"@id":"https:\/\/farosurfrentals.com\/de\/#website"},"breadcrumb":{"@id":"https:\/\/farosurfrentals.com\/de\/blog\/die-anreise-vom-flughafen-faro-zur-praia-de-faro-mit-oder-ohne-surfbrett\/#breadcrumblist"},"author":{"@id":"https:\/\/farosurfrentals.com\/de\/blog\/author\/farosurfrentals\/#author"},"creator":{"@id":"https:\/\/farosurfrentals.com\/de\/blog\/author\/farosurfrentals\/#author"},"datePublished":"2026-08-10T07:41:48+00:00","dateModified":"2026-08-10T07:41:48+00:00"},{"@type":"WebSite","@id":"https:\/\/farosurfrentals.com\/de\/#website","url":"https:\/\/farosurfrentals.com\/de\/","name":"Faro Surf Rentals","description":"Surf Rental Faro, Portugal","inLanguage":"de-DE","publisher":{"@id":"https:\/\/farosurfrentals.com\/de\/#organization"}}]},"og:locale":"de_DE","og:site_name":"Faro Surf Rentals - Surf Rental Faro, Portugal","og:type":"article","og:title":"Vom Flughafen Faro nach Praia de Faro: Bus, Taxi und Shuttlebusse","og:description":"Praia de Faro liegt weniger als 4 km vom Flughafen Faro entfernt. Informationen zur Buslinie 16, zu den Kosten f\u00fcr Taxi und Uber, zu den Gehzeiten sowie dazu, was mit einem Surfbrett tats\u00e4chlich machbar ist.","og:url":"https:\/\/farosurfrentals.com\/de\/blog\/die-anreise-vom-flughafen-faro-zur-praia-de-faro-mit-oder-ohne-surfbrett\/","og:image":"https:\/\/farosurfrentals.com\/wp-content\/uploads\/2021\/03\/cropped-Logo-long-01.png","og:image:secure_url":"https:\/\/farosurfrentals.com\/wp-content\/uploads\/2021\/03\/cropped-Logo-long-01.png","og:image:width":576,"og:image:height":499,"article:published_time":"2026-08-10T07:41:48+00:00","article:modified_time":"2026-08-10T07:41:48+00:00","twitter:card":"summary_large_image","twitter:title":"Vom Flughafen Faro nach Praia de Faro: Bus, Taxi und Shuttlebusse","twitter:description":"Praia de Faro liegt weniger als 4 km vom Flughafen Faro entfernt. Informationen zur Buslinie 16, zu den Kosten f\u00fcr Taxi und Uber, zu den Gehzeiten sowie dazu, was mit einem Surfbrett tats\u00e4chlich machbar ist.","twitter:image":"https:\/\/farosurfrentals.com\/wp-content\/uploads\/2021\/03\/cropped-Logo-long-01.png"},"aioseo_meta_data":{"post_id":"15918","title":"Vom Flughafen Faro nach Praia de Faro: Bus, Taxi und Shuttlebusse","description":"Praia de Faro liegt weniger als 4 km vom Flughafen Faro entfernt. Informationen zur Buslinie 16, zu den Kosten f\u00fcr Taxi und Uber, zu den Gehzeiten sowie dazu, was mit einem Surfbrett tats\u00e4chlich machbar ist. ","keywords":null,"keyphrases":{"focus":[],"additional":[]},"primary_term":null,"canonical_url":null,"og_title":null,"og_description":null,"og_object_type":"default","og_image_type":"default","og_image_url":null,"og_image_width":null,"og_image_height":null,"og_image_custom_url":null,"og_image_custom_fields":null,"og_video":"","og_custom_url":null,"og_article_section":null,"og_article_tags":null,"twitter_use_og":false,"twitter_card":"default","twitter_image_type":"default","twitter_image_url":null,"twitter_image_custom_url":null,"twitter_image_custom_fields":null,"twitter_title":null,"twitter_description":null,"schema":{"blockGraphs":[],"customGraphs":[],"default":{"data":{"Article":[],"Course":[],"Dataset":[],"FAQPage":[],"Movie":[],"Person":[],"Product":[],"ProductReview":[],"Car":[],"Recipe":[],"Service":[],"SoftwareApplication":[],"WebPage":[]},"graphName":"BlogPosting","isEnabled":true},"graphs":[]},"schema_type":"default","schema_type_options":null,"pillar_content":false,"robots_default":true,"robots_noindex":false,"robots_noarchive":false,"robots_nosnippet":false,"robots_nofollow":false,"robots_noimageindex":false,"robots_noodp":false,"robots_notranslate":false,"robots_max_snippet":"-1","robots_max_videopreview":"-1","robots_max_imagepreview":"large","priority":null,"frequency":"default","local_seo":null,"breadcrumb_settings":null,"limit_modified_date":false,"ai":{"faqs":[],"keyPoints":[],"schemas":[],"titles":[],"descriptions":[],"socialPosts":{"email":[],"linkedin":[],"twitter":[],"facebook":[],"instagram":[]}},"created":"2026-09-04 10:57:27","updated":"2026-09-04 10:57:27","seo_analyzer_scan_date":null,"focus_keyword":null,"additional_keywords":null,"truseo_locale":null},"aioseo_breadcrumb":"<div class=\"aioseo-breadcrumbs\"><span class=\"aioseo-breadcrumb\">\n\t\t\t<a href=\"https:\/\/farosurfrentals.com\/de\/\" title=\"Home\">Home<\/a>\n\t\t<\/span><span class=\"aioseo-breadcrumb-separator\">&raquo;<\/span><span class=\"aioseo-breadcrumb\">\n\t\t\t<a href=\"https:\/\/farosurfrentals.com\/de\/blog\/category\/unkategorisiert\/\" title=\"Unkategorisiert\">Unkategorisiert<\/a>\n\t\t<\/span><span class=\"aioseo-breadcrumb-separator\">&raquo;<\/span><span class=\"aioseo-breadcrumb\">\n\t\t\tDie Anreise vom Flughafen Faro zur Praia de Faro, mit oder ohne Surfbrett\n\t\t<\/span><\/div>","aioseo_breadcrumb_json":[{"label":"Home","link":"https:\/\/farosurfrentals.com\/de\/"},{"label":"Unkategorisiert","link":"https:\/\/farosurfrentals.com\/de\/blog\/category\/unkategorisiert\/"},{"label":"Die Anreise vom Flughafen Faro zur Praia de Faro, mit oder ohne Surfbrett","link":"https:\/\/farosurfrentals.com\/de\/blog\/die-anreise-vom-flughafen-faro-zur-praia-de-faro-mit-oder-ohne-surfbrett\/"}],"_links":{"self":[{"href":"https:\/\/farosurfrentals.com\/de\/wp-json\/wp\/v2\/posts\/15918","targetHints":{"allow":["GET"]}}],"collection":[{"href":"https:\/\/farosurfrentals.com\/de\/wp-json\/wp\/v2\/posts"}],"about":[{"href":"https:\/\/farosurfrentals.com\/de\/wp-json\/wp\/v2\/types\/post"}],"author":[{"embeddable":true,"href":"https:\/\/farosurfrentals.com\/de\/wp-json\/wp\/v2\/users\/2"}],"replies":[{"embeddable":true,"href":"https:\/\/farosurfrentals.com\/de\/wp-json\/wp\/v2\/comments?post=15918"}],"version-history":[{"count":0,"href":"https:\/\/farosurfrentals.com\/de\/wp-json\/wp\/v2\/posts\/15918\/revisions"}],"wp:attachment":[{"href":"https:\/\/farosurfrentals.com\/de\/wp-json\/wp\/v2\/media?parent=15918"}],"wp:term":[{"taxonomy":"category","embeddable":true,"href":"https:\/\/farosurfrentals.com\/de\/wp-json\/wp\/v2\/categories?post=15918"},{"taxonomy":"post_tag","embeddable":true,"href":"https:\/\/farosurfrentals.com\/de\/wp-json\/wp\/v2\/tags?post=15918"}],"curies":[{"name":"wp","href":"https:\/\/api.w.org\/{rel}","templated":true}]}}